{"id":1145,"date":"2025-06-06T15:38:51","date_gmt":"2025-06-06T12:38:51","guid":{"rendered":"https:\/\/korsu.fi\/?p=1145"},"modified":"2025-06-06T16:09:44","modified_gmt":"2025-06-06T13:09:44","slug":"aurinko-helli-korsun-liikenneturvallisuuspaivassa","status":"publish","type":"post","link":"https:\/\/korsu.fi\/en\/artikkelit\/aurinko-helli-korsun-liikenneturvallisuuspaivassa\/","title":{"rendered":"Aurinko helli Korsun liikenneturvallisuusp\u00e4iv\u00e4ss\u00e4"},"content":{"rendered":"<p>\u2013 Eri rastipaikkoja oli sopivasti ja mik\u00e4 t\u00e4rkeint\u00e4, p\u00e4\u00e4simme kertomaan liikenneturvallisuusvinkkej\u00e4 perheille, tuumaa Korsun toimitusjohtaja Pekka Keski-Korsu avoimista ovista.<\/p>\n\n\n\n<figure class=\"wp-block-image size-large\"><img fetchpriority=\"high\" decoding=\"async\" width=\"1024\" height=\"576\" src=\"https:\/\/korsu.fi\/wp-content\/uploads\/2025\/06\/323-1024x576.jpg\" alt=\"\" class=\"wp-image-1146\" srcset=\"https:\/\/korsu.fi\/wp-content\/uploads\/2025\/06\/323-1024x576.jpg 1024w, https:\/\/korsu.fi\/wp-content\/uploads\/2025\/06\/323-300x169.jpg 300w, https:\/\/korsu.fi\/wp-content\/uploads\/2025\/06\/323-768x432.jpg 768w, https:\/\/korsu.fi\/wp-content\/uploads\/2025\/06\/323-1536x864.jpg 1536w, https:\/\/korsu.fi\/wp-content\/uploads\/2025\/06\/323-2048x1152.jpg 2048w, https:\/\/korsu.fi\/wp-content\/uploads\/2025\/06\/323-18x10.jpg 18w\" sizes=\"(max-width: 1024px) 100vw, 1024px\" \/><figcaption class=\"wp-element-caption\">P\u00f6rh\u00f6n autoliike ja Markku Alasuutari esitteli s\u00e4hk\u00f6ll\u00e4 kulkevaa pakettiautoa ihmisille.<\/figcaption><\/figure>\n\n\n\n<h2 class=\"wp-block-heading\"><strong>Rekkapisteell\u00e4 riitti kuhinaa<\/strong><\/h2>\n\n\n\n<p>Korsun kouluttaja Anssi Karjaluoto opasti perheit\u00e4 Rekkapisteell\u00e4. Rekkapisteen ideana oli havainnollistaa, millainen n\u00e4kyvyys rekan hytist\u00e4 on etenkin suojatielle.<\/p>\n\n\n\n<p>\u2013 Vanhemmat nostivat hytist\u00e4 k\u00e4den yl\u00f6s heti, kun n\u00e4kiv\u00e4t lapsen rekan edess\u00e4. Etenkin viistosta tulevaa lasta on hankala heti huomata hytist\u00e4 k\u00e4sin, toteaa Korsun kouluttaja Anssi.&nbsp;<\/p>\n\n\n\n<p>Toki lapset p\u00e4\u00e4siv\u00e4t vierailemaan my\u00f6s Korsun 100-vuotisjuhlav\u00e4reihin maalatun rekan kyydiss\u00e4 ja se jos jokin oli mieluisa hetki.<\/p>\n\n\n\n<figure class=\"wp-block-image size-large\"><img decoding=\"async\" width=\"1024\" height=\"576\" src=\"https:\/\/korsu.fi\/wp-content\/uploads\/2025\/06\/654645-1024x576.jpg\" alt=\"\" class=\"wp-image-1147\" srcset=\"https:\/\/korsu.fi\/wp-content\/uploads\/2025\/06\/654645-1024x576.jpg 1024w, https:\/\/korsu.fi\/wp-content\/uploads\/2025\/06\/654645-300x169.jpg 300w, https:\/\/korsu.fi\/wp-content\/uploads\/2025\/06\/654645-768x432.jpg 768w, https:\/\/korsu.fi\/wp-content\/uploads\/2025\/06\/654645-1536x864.jpg 1536w, https:\/\/korsu.fi\/wp-content\/uploads\/2025\/06\/654645-2048x1152.jpg 2048w, https:\/\/korsu.fi\/wp-content\/uploads\/2025\/06\/654645-18x10.jpg 18w\" sizes=\"(max-width: 1024px) 100vw, 1024px\" \/><figcaption class=\"wp-element-caption\">Polkuautorasti oli yksi suosituimmista ohjelmanumeroista<\/figcaption><\/figure>\n\n\n\n<h2 class=\"wp-block-heading\"><strong>Heijastinliivit olivat suosittu ohjelmanumero<\/strong><\/h2>\n\n\n\n<p>Korsulaiset jakoivat p\u00e4iv\u00e4n aikana heijastinliivej\u00e4 tapahtumaan saapuneille lapsille. Tapahtumassa vilisikin oranssiin heijastinliiviin pukeutuneita nuoria.&nbsp;<\/p>\n\n\n\n<figure class=\"wp-block-image size-large\"><img decoding=\"async\" width=\"1024\" height=\"576\" src=\"https:\/\/korsu.fi\/wp-content\/uploads\/2025\/06\/DJI_20250529103234_0206_D-1024x576.jpg\" alt=\"\" class=\"wp-image-1148\" srcset=\"https:\/\/korsu.fi\/wp-content\/uploads\/2025\/06\/DJI_20250529103234_0206_D-1024x576.jpg 1024w, https:\/\/korsu.fi\/wp-content\/uploads\/2025\/06\/DJI_20250529103234_0206_D-300x169.jpg 300w, https:\/\/korsu.fi\/wp-content\/uploads\/2025\/06\/DJI_20250529103234_0206_D-768x432.jpg 768w, https:\/\/korsu.fi\/wp-content\/uploads\/2025\/06\/DJI_20250529103234_0206_D-1536x864.jpg 1536w, https:\/\/korsu.fi\/wp-content\/uploads\/2025\/06\/DJI_20250529103234_0206_D-2048x1152.jpg 2048w, https:\/\/korsu.fi\/wp-content\/uploads\/2025\/06\/DJI_20250529103234_0206_D-18x10.jpg 18w\" sizes=\"(max-width: 1024px) 100vw, 1024px\" \/><figcaption class=\"wp-element-caption\">Makkarat maistuivat vierailijoille<\/figcaption><\/figure>\n\n\n\n<h2 class=\"wp-block-heading\"><strong>Polkuautokisa tunnin v\u00e4lein<\/strong><\/h2>\n\n\n\n<p>Korsun talousp\u00e4\u00e4llikk\u00f6 Janne Hyrk\u00e4s ja ajoj\u00e4rjestelij\u00e4 Piia Keski-Korsu vastasivat suositusta polkuautorastista. Lapset ilmoittautuivat tunnin v\u00e4lein ajokisaan. Ajoharjoittelua oli tarjolla joka toinen tunti. Luokkia oli yhteens\u00e4 kolme polkuauton koon mukaan: pikkuiset, keskikokoiset ja suuret. Tapahtuman yhteisty\u00f6kumppani St1 palkitsi nopeimmat kuljettajat yll\u00e4tyskassilla. Kassin sis\u00e4lt\u00f6 oli mik\u00e4s muu, kuin punainen kilpa-auto. Auton merkki j\u00e4\u00e4k\u00f6\u00f6n arvoitukseksi.<\/p>\n\n\n\n<figure class=\"wp-block-image size-large\"><img loading=\"lazy\" decoding=\"async\" width=\"1024\" height=\"576\" src=\"https:\/\/korsu.fi\/wp-content\/uploads\/2025\/06\/564564-1024x576.jpg\" alt=\"\" class=\"wp-image-1149\" srcset=\"https:\/\/korsu.fi\/wp-content\/uploads\/2025\/06\/564564-1024x576.jpg 1024w, https:\/\/korsu.fi\/wp-content\/uploads\/2025\/06\/564564-300x169.jpg 300w, https:\/\/korsu.fi\/wp-content\/uploads\/2025\/06\/564564-768x432.jpg 768w, https:\/\/korsu.fi\/wp-content\/uploads\/2025\/06\/564564-1536x864.jpg 1536w, https:\/\/korsu.fi\/wp-content\/uploads\/2025\/06\/564564-2048x1152.jpg 2048w, https:\/\/korsu.fi\/wp-content\/uploads\/2025\/06\/564564-18x10.jpg 18w\" sizes=\"(max-width: 1024px) 100vw, 1024px\" \/><figcaption class=\"wp-element-caption\">Korsun kouluttaja Anssi Karjaluoto kertoi Rekkapisteell\u00e4&nbsp;t\u00e4rkeit\u00e4 huomioita liikenneturvallisuudesta.<\/figcaption><\/figure>\n\n\n\n<h2 class=\"wp-block-heading\"><strong>Yhteisty\u00f6kumppanit my\u00f6s esill\u00e4<\/strong><\/h2>\n\n\n\n<p>Tapahtuman ja etenkin tapahtumassa jaetut heijastinliivit mahdollistivat useat yhteisty\u00f6kumppanit. Erityisen mukavaa oli n\u00e4hd\u00e4 Terveystalon ja P\u00f6rh\u00f6n autoliikkeen edustajat paikan p\u00e4\u00e4ll\u00e4. Puukyn\u00e4t kiinnostivat erityisesti lapsia Terveystalon pisteell\u00e4 ja P\u00f6rh\u00f6n autonliikkeelt\u00e4 koeajossa ollut s\u00e4hk\u00f6ll\u00e4 kulkeva pakettiauto her\u00e4tti my\u00f6s kyselyit\u00e4 ihmisten keskuudessa.<\/p>\n\n\n\n<p>Korsu ja Korsu Racing kiitt\u00e4v\u00e4t viel\u00e4 kertaalleen kaikkia tapahtuman yhteisty\u00f6kumppaneita. Lapset, ketk\u00e4 eiv\u00e4t p\u00e4\u00e4sseet paikalle avoimille oville, ei syyt\u00e4 huoleen. Korsulaiset jakavat loput heijastinliivit paikallisille lapsille eri tapahtumissa&nbsp; kes\u00e4n ja syksyn aikana.<\/p>\n\n\n\n<figure class=\"wp-block-image size-large\"><img loading=\"lazy\" decoding=\"async\" width=\"1024\" height=\"726\" src=\"https:\/\/korsu.fi\/wp-content\/uploads\/2025\/04\/korsu-liikenneturvallisuuspaiva2025-254x180mm-1-1024x726.png\" alt=\"\" class=\"wp-image-1138\" srcset=\"https:\/\/korsu.fi\/wp-content\/uploads\/2025\/04\/korsu-liikenneturvallisuuspaiva2025-254x180mm-1-1024x726.png 1024w, https:\/\/korsu.fi\/wp-content\/uploads\/2025\/04\/korsu-liikenneturvallisuuspaiva2025-254x180mm-1-300x213.png 300w, https:\/\/korsu.fi\/wp-content\/uploads\/2025\/04\/korsu-liikenneturvallisuuspaiva2025-254x180mm-1-768x544.png 768w, https:\/\/korsu.fi\/wp-content\/uploads\/2025\/04\/korsu-liikenneturvallisuuspaiva2025-254x180mm-1-18x12.png 18w, https:\/\/korsu.fi\/wp-content\/uploads\/2025\/04\/korsu-liikenneturvallisuuspaiva2025-254x180mm-1.png 1500w\" sizes=\"(max-width: 1024px) 100vw, 1024px\" \/><\/figure>","protected":false},"excerpt":{"rendered":"<p>\u2013 Eri rastipaikkoja oli sopivasti ja mik\u00e4 t\u00e4rkeint\u00e4, p\u00e4\u00e4simme kertomaan liikenneturvallisuusvinkkej\u00e4 perheille, tuumaa Korsun toimitusjohtaja Pekka Keski-Korsu avoimista ovista. Rekkapisteell\u00e4 riitti kuhinaa Korsun kouluttaja Anssi Karjaluoto opasti perheit\u00e4 Rekkapisteell\u00e4. Rekkapisteen ideana oli havainnollistaa, millainen n\u00e4kyvyys rekan hytist\u00e4 on etenkin suojatielle. \u2013 Vanhemmat nostivat hytist\u00e4 k\u00e4den yl\u00f6s heti, kun n\u00e4kiv\u00e4t lapsen rekan edess\u00e4. Etenkin viistosta tulevaa [&hellip;]<\/p>\n","protected":false},"author":1,"featured_media":1147,"comment_status":"open","ping_status":"open","sticky":false,"template":"","format":"standard","meta":{"_acf_changed":false,"footnotes":""},"categories":[10],"tags":[],"class_list":["post-1145","post","type-post","status-publish","format-standard","has-post-thumbnail","hentry","category-artikkelit"],"acf":[],"yoast_head":"<!-- This site is optimized with the Yoast SEO plugin v27.5 - https:\/\/yoast.com\/product\/yoast-seo-wordpress\/ -->\n<title>Aurinko helli Korsun liikenneturvallisuusp\u00e4iv\u00e4ss\u00e4 &#187; Korsu &#187; Luotettavasti perille<\/title>\n<meta name=\"robots\" content=\"index, follow, max-snippet:-1, max-image-preview:large, max-video-preview:-1\" \/>\n<link rel=\"canonical\" href=\"https:\/\/korsu.fi\/en\/artikkelit\/aurinko-helli-korsun-liikenneturvallisuuspaivassa\/\" \/>\n<meta property=\"og:locale\" content=\"en_US\" \/>\n<meta property=\"og:type\" content=\"article\" \/>\n<meta property=\"og:title\" content=\"Aurinko helli Korsun liikenneturvallisuusp\u00e4iv\u00e4ss\u00e4 &#187; Korsu &#187; Luotettavasti perille\" \/>\n<meta property=\"og:description\" content=\"\u2013 Eri rastipaikkoja oli sopivasti ja mik\u00e4 t\u00e4rkeint\u00e4, p\u00e4\u00e4simme kertomaan liikenneturvallisuusvinkkej\u00e4 perheille, tuumaa Korsun toimitusjohtaja Pekka Keski-Korsu avoimista ovista. Rekkapisteell\u00e4 riitti kuhinaa Korsun kouluttaja Anssi Karjaluoto opasti perheit\u00e4 Rekkapisteell\u00e4. Rekkapisteen ideana oli havainnollistaa, millainen n\u00e4kyvyys rekan hytist\u00e4 on etenkin suojatielle. \u2013 Vanhemmat nostivat hytist\u00e4 k\u00e4den yl\u00f6s heti, kun n\u00e4kiv\u00e4t lapsen rekan edess\u00e4. Etenkin viistosta tulevaa [&hellip;]\" \/>\n<meta property=\"og:url\" content=\"https:\/\/korsu.fi\/en\/artikkelit\/aurinko-helli-korsun-liikenneturvallisuuspaivassa\/\" \/>\n<meta property=\"og:site_name\" content=\"Korsu\" \/>\n<meta property=\"article:publisher\" content=\"https:\/\/www.facebook.com\/korsuoy\" \/>\n<meta property=\"article:published_time\" content=\"2025-06-06T12:38:51+00:00\" \/>\n<meta property=\"article:modified_time\" content=\"2025-06-06T13:09:44+00:00\" \/>\n<meta property=\"og:image\" content=\"https:\/\/korsu.fi\/wp-content\/uploads\/2025\/06\/654645-scaled.jpg\" \/>\n\t<meta property=\"og:image:width\" content=\"2560\" \/>\n\t<meta property=\"og:image:height\" content=\"1440\" \/>\n\t<meta property=\"og:image:type\" content=\"image\/jpeg\" \/>\n<meta name=\"author\" content=\"admin\" \/>\n<meta name=\"twitter:card\" content=\"summary_large_image\" \/>\n<meta name=\"twitter:label1\" content=\"Written by\" \/>\n\t<meta name=\"twitter:data1\" content=\"admin\" \/>\n\t<meta name=\"twitter:label2\" content=\"Est. reading time\" \/>\n\t<meta name=\"twitter:data2\" content=\"3 minutes\" \/>\n<script type=\"application\/ld+json\" class=\"yoast-schema-graph\">{\"@context\":\"https:\\\/\\\/schema.org\",\"@graph\":[{\"@type\":\"Article\",\"@id\":\"https:\\\/\\\/korsu.fi\\\/artikkelit\\\/aurinko-helli-korsun-liikenneturvallisuuspaivassa\\\/#article\",\"isPartOf\":{\"@id\":\"https:\\\/\\\/korsu.fi\\\/artikkelit\\\/aurinko-helli-korsun-liikenneturvallisuuspaivassa\\\/\"},\"author\":{\"name\":\"admin\",\"@id\":\"https:\\\/\\\/korsu.fi\\\/#\\\/schema\\\/person\\\/da96a9987c6d3116e0664f7b626fc895\"},\"headline\":\"Aurinko helli Korsun liikenneturvallisuusp\u00e4iv\u00e4ss\u00e4\",\"datePublished\":\"2025-06-06T12:38:51+00:00\",\"dateModified\":\"2025-06-06T13:09:44+00:00\",\"mainEntityOfPage\":{\"@id\":\"https:\\\/\\\/korsu.fi\\\/artikkelit\\\/aurinko-helli-korsun-liikenneturvallisuuspaivassa\\\/\"},\"wordCount\":315,\"commentCount\":0,\"publisher\":{\"@id\":\"https:\\\/\\\/korsu.fi\\\/#organization\"},\"image\":{\"@id\":\"https:\\\/\\\/korsu.fi\\\/artikkelit\\\/aurinko-helli-korsun-liikenneturvallisuuspaivassa\\\/#primaryimage\"},\"thumbnailUrl\":\"https:\\\/\\\/korsu.fi\\\/wp-content\\\/uploads\\\/2025\\\/06\\\/654645-scaled.jpg\",\"articleSection\":[\"Artikkelit\"],\"inLanguage\":\"en-US\",\"potentialAction\":[{\"@type\":\"CommentAction\",\"name\":\"Comment\",\"target\":[\"https:\\\/\\\/korsu.fi\\\/artikkelit\\\/aurinko-helli-korsun-liikenneturvallisuuspaivassa\\\/#respond\"]}]},{\"@type\":\"WebPage\",\"@id\":\"https:\\\/\\\/korsu.fi\\\/artikkelit\\\/aurinko-helli-korsun-liikenneturvallisuuspaivassa\\\/\",\"url\":\"https:\\\/\\\/korsu.fi\\\/artikkelit\\\/aurinko-helli-korsun-liikenneturvallisuuspaivassa\\\/\",\"name\":\"Aurinko helli Korsun liikenneturvallisuusp\u00e4iv\u00e4ss\u00e4 &#187; Korsu &#187; Luotettavasti perille\",\"isPartOf\":{\"@id\":\"https:\\\/\\\/korsu.fi\\\/#website\"},\"primaryImageOfPage\":{\"@id\":\"https:\\\/\\\/korsu.fi\\\/artikkelit\\\/aurinko-helli-korsun-liikenneturvallisuuspaivassa\\\/#primaryimage\"},\"image\":{\"@id\":\"https:\\\/\\\/korsu.fi\\\/artikkelit\\\/aurinko-helli-korsun-liikenneturvallisuuspaivassa\\\/#primaryimage\"},\"thumbnailUrl\":\"https:\\\/\\\/korsu.fi\\\/wp-content\\\/uploads\\\/2025\\\/06\\\/654645-scaled.jpg\",\"datePublished\":\"2025-06-06T12:38:51+00:00\",\"dateModified\":\"2025-06-06T13:09:44+00:00\",\"breadcrumb\":{\"@id\":\"https:\\\/\\\/korsu.fi\\\/artikkelit\\\/aurinko-helli-korsun-liikenneturvallisuuspaivassa\\\/#breadcrumb\"},\"inLanguage\":\"en-US\",\"potentialAction\":[{\"@type\":\"ReadAction\",\"target\":[\"https:\\\/\\\/korsu.fi\\\/artikkelit\\\/aurinko-helli-korsun-liikenneturvallisuuspaivassa\\\/\"]}]},{\"@type\":\"ImageObject\",\"inLanguage\":\"en-US\",\"@id\":\"https:\\\/\\\/korsu.fi\\\/artikkelit\\\/aurinko-helli-korsun-liikenneturvallisuuspaivassa\\\/#primaryimage\",\"url\":\"https:\\\/\\\/korsu.fi\\\/wp-content\\\/uploads\\\/2025\\\/06\\\/654645-scaled.jpg\",\"contentUrl\":\"https:\\\/\\\/korsu.fi\\\/wp-content\\\/uploads\\\/2025\\\/06\\\/654645-scaled.jpg\",\"width\":2560,\"height\":1440,\"caption\":\"default\"},{\"@type\":\"BreadcrumbList\",\"@id\":\"https:\\\/\\\/korsu.fi\\\/artikkelit\\\/aurinko-helli-korsun-liikenneturvallisuuspaivassa\\\/#breadcrumb\",\"itemListElement\":[{\"@type\":\"ListItem\",\"position\":1,\"name\":\"Etusivu\",\"item\":\"https:\\\/\\\/korsu.fi\\\/\"},{\"@type\":\"ListItem\",\"position\":2,\"name\":\"Aurinko helli Korsun liikenneturvallisuusp\u00e4iv\u00e4ss\u00e4\"}]},{\"@type\":\"WebSite\",\"@id\":\"https:\\\/\\\/korsu.fi\\\/#website\",\"url\":\"https:\\\/\\\/korsu.fi\\\/\",\"name\":\"Korsu\",\"description\":\"Luotettavasti perille\",\"publisher\":{\"@id\":\"https:\\\/\\\/korsu.fi\\\/#organization\"},\"potentialAction\":[{\"@type\":\"SearchAction\",\"target\":{\"@type\":\"EntryPoint\",\"urlTemplate\":\"https:\\\/\\\/korsu.fi\\\/?s={search_term_string}\"},\"query-input\":{\"@type\":\"PropertyValueSpecification\",\"valueRequired\":true,\"valueName\":\"search_term_string\"}}],\"inLanguage\":\"en-US\"},{\"@type\":\"Organization\",\"@id\":\"https:\\\/\\\/korsu.fi\\\/#organization\",\"name\":\"Korsu\",\"url\":\"https:\\\/\\\/korsu.fi\\\/\",\"logo\":{\"@type\":\"ImageObject\",\"inLanguage\":\"en-US\",\"@id\":\"https:\\\/\\\/korsu.fi\\\/#\\\/schema\\\/logo\\\/image\\\/\",\"url\":\"https:\\\/\\\/korsu.fi\\\/wp-content\\\/uploads\\\/2024\\\/04\\\/ylalogo-3-2.png\",\"contentUrl\":\"https:\\\/\\\/korsu.fi\\\/wp-content\\\/uploads\\\/2024\\\/04\\\/ylalogo-3-2.png\",\"width\":950,\"height\":294,\"caption\":\"Korsu\"},\"image\":{\"@id\":\"https:\\\/\\\/korsu.fi\\\/#\\\/schema\\\/logo\\\/image\\\/\"},\"sameAs\":[\"https:\\\/\\\/www.facebook.com\\\/korsuoy\",\"https:\\\/\\\/www.instagram.com\\\/korsuoy\",\"https:\\\/\\\/www.youtube.com\\\/@Korsu1923\",\"https:\\\/\\\/open.spotify.com\\\/show\\\/3AMoRqTdJvU69zLBS38NXv?si=1ndd13lGQSCTsMgyShEEPw\",\"https:\\\/\\\/www.linkedin.com\\\/company\\\/korsu-oy\"]},{\"@type\":\"Person\",\"@id\":\"https:\\\/\\\/korsu.fi\\\/#\\\/schema\\\/person\\\/da96a9987c6d3116e0664f7b626fc895\",\"name\":\"admin\",\"image\":{\"@type\":\"ImageObject\",\"inLanguage\":\"en-US\",\"@id\":\"https:\\\/\\\/secure.gravatar.com\\\/avatar\\\/20b9e9630cdaae0bc4de2c052b2c65196ad5d9058f7d735289405eaf6908f17a?s=96&d=mm&r=g\",\"url\":\"https:\\\/\\\/secure.gravatar.com\\\/avatar\\\/20b9e9630cdaae0bc4de2c052b2c65196ad5d9058f7d735289405eaf6908f17a?s=96&d=mm&r=g\",\"contentUrl\":\"https:\\\/\\\/secure.gravatar.com\\\/avatar\\\/20b9e9630cdaae0bc4de2c052b2c65196ad5d9058f7d735289405eaf6908f17a?s=96&d=mm&r=g\",\"caption\":\"admin\"},\"sameAs\":[\"https:\\\/\\\/korsu.fi\"],\"url\":\"https:\\\/\\\/korsu.fi\\\/en\\\/author\\\/admin\\\/\"}]}<\/script>\n<!-- \/ Yoast SEO plugin. -->","yoast_head_json":{"title":"Aurinko helli Korsun liikenneturvallisuusp\u00e4iv\u00e4ss\u00e4 &#187; Korsu &#187; Luotettavasti perille","robots":{"index":"index","follow":"follow","max-snippet":"max-snippet:-1","max-image-preview":"max-image-preview:large","max-video-preview":"max-video-preview:-1"},"canonical":"https:\/\/korsu.fi\/en\/artikkelit\/aurinko-helli-korsun-liikenneturvallisuuspaivassa\/","og_locale":"en_US","og_type":"article","og_title":"Aurinko helli Korsun liikenneturvallisuusp\u00e4iv\u00e4ss\u00e4 &#187; Korsu &#187; Luotettavasti perille","og_description":"\u2013 Eri rastipaikkoja oli sopivasti ja mik\u00e4 t\u00e4rkeint\u00e4, p\u00e4\u00e4simme kertomaan liikenneturvallisuusvinkkej\u00e4 perheille, tuumaa Korsun toimitusjohtaja Pekka Keski-Korsu avoimista ovista. Rekkapisteell\u00e4 riitti kuhinaa Korsun kouluttaja Anssi Karjaluoto opasti perheit\u00e4 Rekkapisteell\u00e4. Rekkapisteen ideana oli havainnollistaa, millainen n\u00e4kyvyys rekan hytist\u00e4 on etenkin suojatielle. \u2013 Vanhemmat nostivat hytist\u00e4 k\u00e4den yl\u00f6s heti, kun n\u00e4kiv\u00e4t lapsen rekan edess\u00e4. Etenkin viistosta tulevaa [&hellip;]","og_url":"https:\/\/korsu.fi\/en\/artikkelit\/aurinko-helli-korsun-liikenneturvallisuuspaivassa\/","og_site_name":"Korsu","article_publisher":"https:\/\/www.facebook.com\/korsuoy","article_published_time":"2025-06-06T12:38:51+00:00","article_modified_time":"2025-06-06T13:09:44+00:00","og_image":[{"width":2560,"height":1440,"url":"https:\/\/korsu.fi\/wp-content\/uploads\/2025\/06\/654645-scaled.jpg","type":"image\/jpeg"}],"author":"admin","twitter_card":"summary_large_image","twitter_misc":{"Written by":"admin","Est. reading time":"3 minutes"},"schema":{"@context":"https:\/\/schema.org","@graph":[{"@type":"Article","@id":"https:\/\/korsu.fi\/artikkelit\/aurinko-helli-korsun-liikenneturvallisuuspaivassa\/#article","isPartOf":{"@id":"https:\/\/korsu.fi\/artikkelit\/aurinko-helli-korsun-liikenneturvallisuuspaivassa\/"},"author":{"name":"admin","@id":"https:\/\/korsu.fi\/#\/schema\/person\/da96a9987c6d3116e0664f7b626fc895"},"headline":"Aurinko helli Korsun liikenneturvallisuusp\u00e4iv\u00e4ss\u00e4","datePublished":"2025-06-06T12:38:51+00:00","dateModified":"2025-06-06T13:09:44+00:00","mainEntityOfPage":{"@id":"https:\/\/korsu.fi\/artikkelit\/aurinko-helli-korsun-liikenneturvallisuuspaivassa\/"},"wordCount":315,"commentCount":0,"publisher":{"@id":"https:\/\/korsu.fi\/#organization"},"image":{"@id":"https:\/\/korsu.fi\/artikkelit\/aurinko-helli-korsun-liikenneturvallisuuspaivassa\/#primaryimage"},"thumbnailUrl":"https:\/\/korsu.fi\/wp-content\/uploads\/2025\/06\/654645-scaled.jpg","articleSection":["Artikkelit"],"inLanguage":"en-US","potentialAction":[{"@type":"CommentAction","name":"Comment","target":["https:\/\/korsu.fi\/artikkelit\/aurinko-helli-korsun-liikenneturvallisuuspaivassa\/#respond"]}]},{"@type":"WebPage","@id":"https:\/\/korsu.fi\/artikkelit\/aurinko-helli-korsun-liikenneturvallisuuspaivassa\/","url":"https:\/\/korsu.fi\/artikkelit\/aurinko-helli-korsun-liikenneturvallisuuspaivassa\/","name":"Aurinko helli Korsun liikenneturvallisuusp\u00e4iv\u00e4ss\u00e4 &#187; Korsu &#187; Luotettavasti perille","isPartOf":{"@id":"https:\/\/korsu.fi\/#website"},"primaryImageOfPage":{"@id":"https:\/\/korsu.fi\/artikkelit\/aurinko-helli-korsun-liikenneturvallisuuspaivassa\/#primaryimage"},"image":{"@id":"https:\/\/korsu.fi\/artikkelit\/aurinko-helli-korsun-liikenneturvallisuuspaivassa\/#primaryimage"},"thumbnailUrl":"https:\/\/korsu.fi\/wp-content\/uploads\/2025\/06\/654645-scaled.jpg","datePublished":"2025-06-06T12:38:51+00:00","dateModified":"2025-06-06T13:09:44+00:00","breadcrumb":{"@id":"https:\/\/korsu.fi\/artikkelit\/aurinko-helli-korsun-liikenneturvallisuuspaivassa\/#breadcrumb"},"inLanguage":"en-US","potentialAction":[{"@type":"ReadAction","target":["https:\/\/korsu.fi\/artikkelit\/aurinko-helli-korsun-liikenneturvallisuuspaivassa\/"]}]},{"@type":"ImageObject","inLanguage":"en-US","@id":"https:\/\/korsu.fi\/artikkelit\/aurinko-helli-korsun-liikenneturvallisuuspaivassa\/#primaryimage","url":"https:\/\/korsu.fi\/wp-content\/uploads\/2025\/06\/654645-scaled.jpg","contentUrl":"https:\/\/korsu.fi\/wp-content\/uploads\/2025\/06\/654645-scaled.jpg","width":2560,"height":1440,"caption":"default"},{"@type":"BreadcrumbList","@id":"https:\/\/korsu.fi\/artikkelit\/aurinko-helli-korsun-liikenneturvallisuuspaivassa\/#breadcrumb","itemListElement":[{"@type":"ListItem","position":1,"name":"Etusivu","item":"https:\/\/korsu.fi\/"},{"@type":"ListItem","position":2,"name":"Aurinko helli Korsun liikenneturvallisuusp\u00e4iv\u00e4ss\u00e4"}]},{"@type":"WebSite","@id":"https:\/\/korsu.fi\/#website","url":"https:\/\/korsu.fi\/","name":"Korsu","description":"ALL THE WAY RELIABLE","publisher":{"@id":"https:\/\/korsu.fi\/#organization"},"potentialAction":[{"@type":"SearchAction","target":{"@type":"EntryPoint","urlTemplate":"https:\/\/korsu.fi\/?s={search_term_string}"},"query-input":{"@type":"PropertyValueSpecification","valueRequired":true,"valueName":"search_term_string"}}],"inLanguage":"en-US"},{"@type":"Organization","@id":"https:\/\/korsu.fi\/#organization","name":"Korsu","url":"https:\/\/korsu.fi\/","logo":{"@type":"ImageObject","inLanguage":"en-US","@id":"https:\/\/korsu.fi\/#\/schema\/logo\/image\/","url":"https:\/\/korsu.fi\/wp-content\/uploads\/2024\/04\/ylalogo-3-2.png","contentUrl":"https:\/\/korsu.fi\/wp-content\/uploads\/2024\/04\/ylalogo-3-2.png","width":950,"height":294,"caption":"Korsu"},"image":{"@id":"https:\/\/korsu.fi\/#\/schema\/logo\/image\/"},"sameAs":["https:\/\/www.facebook.com\/korsuoy","https:\/\/www.instagram.com\/korsuoy","https:\/\/www.youtube.com\/@Korsu1923","https:\/\/open.spotify.com\/show\/3AMoRqTdJvU69zLBS38NXv?si=1ndd13lGQSCTsMgyShEEPw","https:\/\/www.linkedin.com\/company\/korsu-oy"]},{"@type":"Person","@id":"https:\/\/korsu.fi\/#\/schema\/person\/da96a9987c6d3116e0664f7b626fc895","name":"admin","image":{"@type":"ImageObject","inLanguage":"en-US","@id":"https:\/\/secure.gravatar.com\/avatar\/20b9e9630cdaae0bc4de2c052b2c65196ad5d9058f7d735289405eaf6908f17a?s=96&d=mm&r=g","url":"https:\/\/secure.gravatar.com\/avatar\/20b9e9630cdaae0bc4de2c052b2c65196ad5d9058f7d735289405eaf6908f17a?s=96&d=mm&r=g","contentUrl":"https:\/\/secure.gravatar.com\/avatar\/20b9e9630cdaae0bc4de2c052b2c65196ad5d9058f7d735289405eaf6908f17a?s=96&d=mm&r=g","caption":"admin"},"sameAs":["https:\/\/korsu.fi"],"url":"https:\/\/korsu.fi\/en\/author\/admin\/"}]}},"_links":{"self":[{"href":"https:\/\/korsu.fi\/en\/wp-json\/wp\/v2\/posts\/1145","targetHints":{"allow":["GET"]}}],"collection":[{"href":"https:\/\/korsu.fi\/en\/wp-json\/wp\/v2\/posts"}],"about":[{"href":"https:\/\/korsu.fi\/en\/wp-json\/wp\/v2\/types\/post"}],"author":[{"embeddable":true,"href":"https:\/\/korsu.fi\/en\/wp-json\/wp\/v2\/users\/1"}],"replies":[{"embeddable":true,"href":"https:\/\/korsu.fi\/en\/wp-json\/wp\/v2\/comments?post=1145"}],"version-history":[{"count":3,"href":"https:\/\/korsu.fi\/en\/wp-json\/wp\/v2\/posts\/1145\/revisions"}],"predecessor-version":[{"id":1160,"href":"https:\/\/korsu.fi\/en\/wp-json\/wp\/v2\/posts\/1145\/revisions\/1160"}],"wp:featuredmedia":[{"embeddable":true,"href":"https:\/\/korsu.fi\/en\/wp-json\/wp\/v2\/media\/1147"}],"wp:attachment":[{"href":"https:\/\/korsu.fi\/en\/wp-json\/wp\/v2\/media?parent=1145"}],"wp:term":[{"taxonomy":"category","embeddable":true,"href":"https:\/\/korsu.fi\/en\/wp-json\/wp\/v2\/categories?post=1145"},{"taxonomy":"post_tag","embeddable":true,"href":"https:\/\/korsu.fi\/en\/wp-json\/wp\/v2\/tags?post=1145"}],"curies":[{"name":"wp","href":"https:\/\/api.w.org\/{rel}","templated":true}]}}