{"id":1792,"date":"2026-09-01T20:09:32","date_gmt":"2026-09-01T17:09:32","guid":{"rendered":"https:\/\/korsu.fi\/?p=1792"},"modified":"2026-09-01T20:22:46","modified_gmt":"2026-09-01T17:22:46","slug":"kuljetuksia-ja-logistiikkaa-suomessa-ja-pohjoismaissa-osa-1-kaasuautolla-kohti-kittilaa","status":"publish","type":"post","link":"https:\/\/korsu.fi\/en\/artikkelit\/kuljetuksia-ja-logistiikkaa-suomessa-ja-pohjoismaissa-osa-1-kaasuautolla-kohti-kittilaa\/","title":{"rendered":"Kuljetuksia ja logistiikkaa Suomessa ja Pohjoismaissa: Osa #1 Kaasuautolla kohti Kittil\u00e4\u00e4"},"content":{"rendered":"<h2 class=\"wp-block-heading\"><strong>Kuka olen? <\/strong><\/h2>\n\n\n\n<p class=\"wp-block-paragraph\"><strong>Nimi:<\/strong> Jenni Holappa <br><strong>Ik\u00e4:<\/strong> 24-vuotias <br><strong>Syntym\u00e4paikka: <\/strong>Oulu <br><strong>Koulutus:<\/strong> Osao Kempele <br><strong>Aiempi ty\u00f6kokemus:<\/strong> Kappaletavaran ajo, Posti<\/p>\n\n\n\n<figure class=\"wp-block-gallery has-nested-images columns-default is-cropped wp-block-gallery-1 is-layout-flex wp-block-gallery-is-layout-flex\">\n<figure class=\"wp-block-image size-large\"><img fetchpriority=\"high\" decoding=\"async\" width=\"819\" height=\"1024\" data-id=\"1796\" src=\"https:\/\/korsu.fi\/wp-content\/uploads\/2026\/09\/korsu-jenni-1-819x1024.jpg\" alt=\"\" class=\"wp-image-1796\" srcset=\"https:\/\/korsu.fi\/wp-content\/uploads\/2026\/09\/korsu-jenni-1-819x1024.jpg 819w, https:\/\/korsu.fi\/wp-content\/uploads\/2026\/09\/korsu-jenni-1-240x300.jpg 240w, https:\/\/korsu.fi\/wp-content\/uploads\/2026\/09\/korsu-jenni-1-768x960.jpg 768w, https:\/\/korsu.fi\/wp-content\/uploads\/2026\/09\/korsu-jenni-1-1229x1536.jpg 1229w, https:\/\/korsu.fi\/wp-content\/uploads\/2026\/09\/korsu-jenni-1-1639x2048.jpg 1639w, https:\/\/korsu.fi\/wp-content\/uploads\/2026\/09\/korsu-jenni-1-10x12.jpg 10w, https:\/\/korsu.fi\/wp-content\/uploads\/2026\/09\/korsu-jenni-1-scaled.jpg 2048w\" sizes=\"(max-width: 819px) 100vw, 819px\" \/><\/figure>\n\n\n\n<figure class=\"wp-block-image size-large\"><img decoding=\"async\" width=\"819\" height=\"1024\" data-id=\"1800\" src=\"https:\/\/korsu.fi\/wp-content\/uploads\/2026\/09\/Jenni-ja-Lilli-819x1024.jpeg\" alt=\"\" class=\"wp-image-1800\" srcset=\"https:\/\/korsu.fi\/wp-content\/uploads\/2026\/09\/Jenni-ja-Lilli-819x1024.jpeg 819w, https:\/\/korsu.fi\/wp-content\/uploads\/2026\/09\/Jenni-ja-Lilli-240x300.jpeg 240w, https:\/\/korsu.fi\/wp-content\/uploads\/2026\/09\/Jenni-ja-Lilli-768x960.jpeg 768w, https:\/\/korsu.fi\/wp-content\/uploads\/2026\/09\/Jenni-ja-Lilli-10x12.jpeg 10w, https:\/\/korsu.fi\/wp-content\/uploads\/2026\/09\/Jenni-ja-Lilli.jpeg 1080w\" sizes=\"(max-width: 819px) 100vw, 819px\" \/><\/figure>\n<\/figure>\n\n\n\n<h2 class=\"wp-block-heading\"><strong>Ajop\u00e4iv\u00e4n aatto<\/strong><\/h2>\n\n\n\n<p class=\"wp-block-paragraph\">Rutiinit ovat rekkakuskille t\u00e4rkeit\u00e4 asioita. Ajop\u00e4iv\u00e4\u00e4 edelt\u00e4v\u00e4n\u00e4 iltana Oulussa asustava Jenni valmistelee ev\u00e4\u00e4t, etsii ty\u00f6vaatteet ja vie rakkaan koiransa Lillin hoitoon. Edess\u00e4 on viiden p\u00e4iv\u00e4n ty\u00f6keikka Oulusta Kittil\u00e4\u00e4n ja takaisin.<\/p>\n\n\n\n<p class=\"wp-block-paragraph\">&#8211; Lilli aistii kyll\u00e4, ett\u00e4 olen l\u00e4hd\u00f6ss\u00e4 aamulla ty\u00f6vuoroon. Onneksi h\u00e4n p\u00e4\u00e4see mummoni luokse tuttuun ja turvalliseen hoitopaikkaan.&nbsp;<\/p>\n\n\n\n<h3 class=\"wp-block-heading\"><strong>KLO 7.30 \u2013 Siirtyminen Vihre\u00e4saareen<\/strong><\/h3>\n\n\n\n<p class=\"wp-block-paragraph\">Her\u00e4tyskello naukaisee kello 7, ja Korsun melko tuore kuljettaja Jenni Holappa valmistautuu uuteen ty\u00f6viikkoon. Edess\u00e4 on lastin lastausta ja purkua sek\u00e4 viisi edestakaista ajomatkaa Oulusta Kittil\u00e4\u00e4n. Ennen kahdeksaa Jenni saapuu Vihre\u00e4saareen, miss\u00e4 kaasurekka odottaa kuljettajaansa.<\/p>\n\n\n\n<p class=\"wp-block-paragraph\">&#8211; Teen aluksi l\u00e4ht\u00f6tarkastuksen autolle, t\u00e4yt\u00e4n j\u00e4\u00e4kaapin ja petaan pedin valmiiksi. Sen j\u00e4lkeen siirryn Finnsementin tehtaan lastauspaikalle. Huolehdin itse siit\u00e4, ett\u00e4 materiaalin lastaus tehd\u00e4\u00e4n turvam\u00e4\u00e4r\u00e4ysten mukaisesti. Lopuksi varmistan, ett\u00e4 s\u00e4ili\u00f6n kannet ovat kiinni, ja matka kohti Kittil\u00e4\u00e4 alkaa.<\/p>\n\n\n\n<h3 class=\"wp-block-heading\"><strong>KLO 8 \u2013 L\u00e4ht\u00f6 Oulusta<\/strong><\/h3>\n\n\n\n<p class=\"wp-block-paragraph\">Jennill\u00e4 on ajokkinaan kaasuk\u00e4ytt\u00f6inen&nbsp; Volvo FH Aero-merkkinen kaasurekka.&nbsp;<\/p>\n\n\n\n<p class=\"wp-block-paragraph\">&#8211; Tykk\u00e4\u00e4n ajaa t\u00e4ll\u00e4 rekalla. Kyyti on tasaista, eik\u00e4 ongelmia ole ilmennyt. Alkumatkasta tykk\u00e4\u00e4n yleens\u00e4 vaihtaa muutaman sanan puhelimessa yst\u00e4vieni ja kollegojeni kanssa. Tietysti my\u00f6s mummolle soitan, meinasin ihan unohtaa mainita.<\/p>\n\n\n\n<h3 class=\"wp-block-heading\"><strong>KLO 12 \u2013 Tankkaus Rovaniemell\u00e4<\/strong><\/h3>\n\n\n\n<p class=\"wp-block-paragraph\">Rovaniemi on tunnettu paitsi matkailusta, my\u00f6s legendaarisista baareista ja pubeista. Kaupungista l\u00f6ytyy muun muassa Jari Tervon kantakapakkana tunnettu Pisto.<\/p>\n\n\n\n<p class=\"wp-block-paragraph\">&#8211; No, minulle tuo ravinteli ei ole niink\u00e4\u00e4n tuttu, mutta ennemminkin aistin heti Rovaniemelle p\u00e4\u00e4sty\u00e4ni Lapin maisemat ja luonnon kauneuden.&nbsp;Ja toki J\u00e4tk\u00e4nkynttil\u00e4n silta tulee mieleen heti Rollosta, siis Rovaniemest\u00e4, Jenni tuumaa.&nbsp;<\/p>\n\n\n\n<p class=\"wp-block-paragraph\">Jenni pys\u00e4htyy matkan puoliv\u00e4liss\u00e4 tankkausasemalle Rovaniemell\u00e4. Korsulla on k\u00e4yt\u00f6ss\u00e4\u00e4n jo useampia biokaasulla kulkevia rekkoja, joista Jenni ajaa nyt yht\u00e4.&nbsp;<\/p>\n\n\n\n<p class=\"wp-block-paragraph\">&#8211; Onneksi biokaasuasema tuli Rovaniemelle pari vuotta sitten. Helpottaa kummasti t\u00e4t\u00e4 matkantekoa, Jenni nauraa.<\/p>\n\n\n\n<p class=\"wp-block-paragraph\">&#8211; Huolehdin tankkausasemalla turvam\u00e4\u00e4r\u00e4yksist\u00e4 ja oikeista suojavarusteista. Otan rekan ty\u00f6kalupakista suojak\u00e4sineet ja silmille laitettavan visiirin. Ennen tankkausta varmistan, ettei s\u00e4ili\u00f6ss\u00e4 ole liikaa painetta. Nyt minulla menee tankkiin noin 90 kiloa biokaasua ja tankkaus kest\u00e4\u00e4 kymmenisen minuuttia.&nbsp;<\/p>\n\n\n\n<h3 class=\"wp-block-heading\"><strong>KLO 12.30 \u2013 Bulkkikuormakyydiss\u00e4 kohti kultakaivosta<\/strong><\/h3>\n\n\n\n<p class=\"wp-block-paragraph\">Jennin matka bulkkilastin kanssa Rovaniemelt\u00e4 Kittil\u00e4\u00e4n jatkuu biokaasun voimalla.<\/p>\n\n\n\n<p class=\"wp-block-paragraph\">&#8211; Ajan erityisen tarkkaavaisesti Rovaniemi-Kittil\u00e4 v\u00e4lill\u00e4. Keliolosuhteet, tien talvikunnossapito haastaa eniten juuri talvella. Kapenevilla teill\u00e4 liikkuu autojen ja rekkojen lis\u00e4ksi my\u00f6s muuta liikennett\u00e4, kuten jalankulkijoita ja py\u00f6r\u00e4ilij\u00f6it\u00e4. Yksi nelijalkainen meinasi unohtua. Porot, niit\u00e4 pit\u00e4\u00e4 tarkkailla, toteaa Jenni kaasurekan ratista.&nbsp;<\/p>\n\n\n\n<p class=\"wp-block-paragraph\">&#8211; Meill\u00e4 ammattikuskeilla ja my\u00f6s henkil\u00f6autolla liikkuvilla on tapana varoittaa poroista vastaantulevia autoja valoja r\u00e4p\u00e4ytt\u00e4m\u00e4ll\u00e4. Ja onhan t\u00e4ss\u00e4 ehtinyt k\u00e4tt\u00e4kin nostaa kollegoille kymmeni\u00e4 kertoja. N\u00e4m\u00e4 kohteliaisuudet ovat niit\u00e4 rutiineja.&nbsp;<\/p>\n\n\n\n<h3 class=\"wp-block-heading\"><strong>KLO 15 \u2013 Purkupaikalla Kittil\u00e4n kultakaivoksella<\/strong><\/h3>\n\n\n\n<p class=\"wp-block-paragraph\">Jenni ja h\u00e4nen uudehko ajoneuvoyhdistelm\u00e4ns\u00e4 saapuvat aikataulussa Kittil\u00e4n kultakaivoksen purkupaikalle kello 15.<\/p>\n\n\n\n<p class=\"wp-block-paragraph\">&#8211; Hoidan jo matkalla kommunikoinnin puhelimitse kaivoksen valvomon kanssa ja selvit\u00e4n, ett\u00e4 mahtuuko kuorma aikataulussa ja onko purkupaikalla jotain poikkeavaa.&nbsp;<\/p>\n\n\n\n<p class=\"wp-block-paragraph\">Bulkkimateriaalin purun aloitan turvam\u00e4\u00e4r\u00e4ysten mukaisesti. Laitan suojavarusteet. Lis\u00e4ksi katson purkuletkun kunnon ja tarvittaessa vaihdan letkun p\u00e4\u00e4n, jos se on liian kulunut. Sitten materiaali puretaan s\u00e4ili\u00f6st\u00e4 asiakkaan tarpeisiin.&nbsp;<\/p>\n\n\n\n<p class=\"wp-block-paragraph\">&#8211; Purkuoperaation j\u00e4lkeen k\u00e4yn kaivoksella suihkussa. Ennen paluumatkaa tarkastan rekan kunnon ja tietysti silm\u00e4ilen ajopiirturista j\u00e4ljell\u00e4 olevan ajoajan. Paluumatkalle p\u00e4\u00e4sen noin kello 18. Sen viel\u00e4 lis\u00e4\u00e4n, ett\u00e4 olen min\u00e4 joskus suustani j\u00e4\u00e4nyt kiinni valvomon henkil\u00f6st\u00f6n kanssa. Niin tutuiksi on porukka t\u00e4\u00e4ll\u00e4 ehtinyt tulla.<\/p>\n\n\n\n<h3 class=\"wp-block-heading\"><strong>KLO 21.30 \u2013 M\u00e4kipeuran liikenneasemalla, Nukkumatti saapuu<\/strong><\/h3>\n\n\n\n<p class=\"wp-block-paragraph\">Raskaan liikenteen kuljettajien on noudatettava ajoaikoja tien p\u00e4\u00e4ll\u00e4. T\u00e4ll\u00e4kin reissulla Jennin<\/p>\n\n\n\n<p class=\"wp-block-paragraph\">on pidett\u00e4v\u00e4 lakis\u00e4\u00e4teinen vuorokausilepo.<\/p>\n\n\n\n<p class=\"wp-block-paragraph\">&#8211; Pys\u00e4hdyn yleens\u00e4 t\u00e4ll\u00e4 reitill\u00e4 nukkumaan M\u00e4kipeuran liikenneasemalle. Hyv\u00e4\u00e4 y\u00f6t\u00e4 kaikille ja n\u00e4hd\u00e4\u00e4n aamulla, Jenni huikkaa ty\u00f6p\u00e4iv\u00e4n p\u00e4\u00e4tteeksi.<\/p>\n\n\n\n<figure class=\"wp-block-gallery has-nested-images columns-default is-cropped wp-block-gallery-2 is-layout-flex wp-block-gallery-is-layout-flex\"><\/figure>\n\n\n\n<h3 class=\"wp-block-heading\"><strong>KLO 6.30 \u2013 Aamu sarastaa<\/strong><\/h3>\n\n\n\n<p class=\"wp-block-paragraph\">Jennin her\u00e4tyskello soi seuraavana aamuna klo 6.30. Matka Ouluun uuden lastin hakuun alkaa. Paluumatkan m\u00e4\u00e4r\u00e4np\u00e4\u00e4n\u00e4 on jo tutuksi tullut Vihre\u00e4saari ja Finnsementin tehdas.<\/p>\n\n\n\n<p class=\"wp-block-paragraph\">&#8211; Ennen l\u00e4ht\u00f6\u00e4 k\u00e4yn pesem\u00e4ss\u00e4 hampaat liikenneasemalla ja ostan kahvin mukaani. Sen j\u00e4lkeen starttaan kaasuauton ja matka alkakoon.<\/p>\n\n\n\n<h3 class=\"wp-block-heading\"><strong>KLO 8 \u2013 Tankkaus Keminmaan biokaasuasemalla<\/strong><\/h3>\n\n\n\n<p class=\"wp-block-paragraph\">Jenni pys\u00e4htyy tankkaamaan rekan toisen kerran Keminmaan biokaasuasemalla. Tankkaus sujuu rutiininomaisesti ja matka voi jatkua uuden lastin noutoon Oulun Vihre\u00e4saareen.<\/p>\n\n\n\n<h3 class=\"wp-block-heading\"><strong>KLO 9 \u2013 Uusi lasti kyytiin Vihre\u00e4saaresta<\/strong><\/h3>\n\n\n\n<p class=\"wp-block-paragraph\">&#8211; Otan uuden lastin kyytiin Oulusta ja l\u00e4hden ajamaan j\u00e4lleen Rovaniemen kautta Kittil\u00e4n kultakaivokselle. Normaalisti teen viisi keikkaa Kittil\u00e4\u00e4n ja takaisin, mink\u00e4 j\u00e4lkeen luovutan rekan seuraavalle kuljettajalle. Materiaalit saatiin taas luotettavasti perille meid\u00e4n kuljettamana.&nbsp;<\/p>\n\n\n\n<p class=\"wp-block-paragraph\">&#8211; Ennen vapaita pesen yhdistelm\u00e4n kaivoksella Kittil\u00e4ss\u00e4 ja muutenkin siivoan auton sis\u00e4lt\u00e4.&nbsp;<\/p>\n\n\n\n<p class=\"wp-block-paragraph\">Oulun Vihre\u00e4saaressa luovutan rekan sitten ajoparilleni ja jatkan itse kuuden p\u00e4iv\u00e4n vapaalle.<\/p>\n\n\n\n<p class=\"wp-block-paragraph\">Suunnitelmat ovat selv\u00e4t.&nbsp;<\/p>\n\n\n\n<p class=\"wp-block-paragraph\">&#8211; Ensin haen koirani takaisin mummon luota, Jenni sanoo silm\u00e4t loistaen.&nbsp;<\/p>\n\n\n\n<figure class=\"wp-block-gallery has-nested-images columns-default is-cropped wp-block-gallery-3 is-layout-flex wp-block-gallery-is-layout-flex\">\n<figure class=\"wp-block-image size-large\"><img decoding=\"async\" width=\"819\" height=\"1024\" data-id=\"1801\" src=\"https:\/\/korsu.fi\/wp-content\/uploads\/2026\/09\/Lilli-1-819x1024.jpeg\" alt=\"\" class=\"wp-image-1801\" srcset=\"https:\/\/korsu.fi\/wp-content\/uploads\/2026\/09\/Lilli-1-819x1024.jpeg 819w, https:\/\/korsu.fi\/wp-content\/uploads\/2026\/09\/Lilli-1-240x300.jpeg 240w, https:\/\/korsu.fi\/wp-content\/uploads\/2026\/09\/Lilli-1-768x960.jpeg 768w, https:\/\/korsu.fi\/wp-content\/uploads\/2026\/09\/Lilli-1-10x12.jpeg 10w, https:\/\/korsu.fi\/wp-content\/uploads\/2026\/09\/Lilli-1.jpeg 864w\" sizes=\"(max-width: 819px) 100vw, 819px\" \/><\/figure>\n\n\n\n<figure class=\"wp-block-image size-large\"><img loading=\"lazy\" decoding=\"async\" width=\"819\" height=\"1024\" data-id=\"1802\" src=\"https:\/\/korsu.fi\/wp-content\/uploads\/2026\/09\/korsu-sailioauto-1-819x1024.jpg\" alt=\"\" class=\"wp-image-1802\" srcset=\"https:\/\/korsu.fi\/wp-content\/uploads\/2026\/09\/korsu-sailioauto-1-819x1024.jpg 819w, https:\/\/korsu.fi\/wp-content\/uploads\/2026\/09\/korsu-sailioauto-1-240x300.jpg 240w, https:\/\/korsu.fi\/wp-content\/uploads\/2026\/09\/korsu-sailioauto-1-768x960.jpg 768w, https:\/\/korsu.fi\/wp-content\/uploads\/2026\/09\/korsu-sailioauto-1-1229x1536.jpg 1229w, https:\/\/korsu.fi\/wp-content\/uploads\/2026\/09\/korsu-sailioauto-1-10x12.jpg 10w, https:\/\/korsu.fi\/wp-content\/uploads\/2026\/09\/korsu-sailioauto-1.jpg 1600w\" sizes=\"(max-width: 819px) 100vw, 819px\" \/><\/figure>\n<\/figure>","protected":false},"excerpt":{"rendered":"<p>Kuka olen? Nimi: Jenni Holappa Ik\u00e4: 24-vuotias Syntym\u00e4paikka: Oulu Koulutus: Osao Kempele Aiempi ty\u00f6kokemus: Kappaletavaran ajo, Posti Ajop\u00e4iv\u00e4n aatto Rutiinit ovat rekkakuskille t\u00e4rkeit\u00e4 asioita. Ajop\u00e4iv\u00e4\u00e4 edelt\u00e4v\u00e4n\u00e4 iltana Oulussa asustava Jenni valmistelee ev\u00e4\u00e4t, etsii ty\u00f6vaatteet ja vie rakkaan koiransa Lillin hoitoon. Edess\u00e4 on viiden p\u00e4iv\u00e4n ty\u00f6keikka Oulusta Kittil\u00e4\u00e4n ja takaisin. &#8211; Lilli aistii kyll\u00e4, ett\u00e4 olen [&hellip;]<\/p>\n","protected":false},"author":1,"featured_media":1807,"comment_status":"open","ping_status":"open","sticky":false,"template":"","format":"standard","meta":{"_acf_changed":false,"footnotes":""},"categories":[10],"tags":[],"class_list":["post-1792","post","type-post","status-publish","format-standard","has-post-thumbnail","hentry","category-artikkelit"],"acf":[],"yoast_head":"<!-- This site is optimized with the Yoast SEO plugin v28.4 - https:\/\/yoast.com\/product\/yoast-seo-wordpress\/ -->\n<title>Kuljetuksia ja logistiikkaa Suomessa ja Pohjoismaissa: Osa #1 Kaasuautolla kohti Kittil\u00e4\u00e4 &#187; Korsu &#187; Luotettavasti perille<\/title>\n<meta name=\"robots\" content=\"index, follow, max-snippet:-1, max-image-preview:large, max-video-preview:-1\" \/>\n<link rel=\"canonical\" href=\"https:\/\/korsu.fi\/en\/artikkelit\/kuljetuksia-ja-logistiikkaa-suomessa-ja-pohjoismaissa-osa-1-kaasuautolla-kohti-kittilaa\/\" \/>\n<meta property=\"og:locale\" content=\"en_US\" \/>\n<meta property=\"og:type\" content=\"article\" \/>\n<meta property=\"og:title\" content=\"Kuljetuksia ja logistiikkaa Suomessa ja Pohjoismaissa: Osa #1 Kaasuautolla kohti Kittil\u00e4\u00e4 &#187; Korsu &#187; Luotettavasti perille\" \/>\n<meta property=\"og:description\" content=\"Kuka olen? Nimi: Jenni Holappa Ik\u00e4: 24-vuotias Syntym\u00e4paikka: Oulu Koulutus: Osao Kempele Aiempi ty\u00f6kokemus: Kappaletavaran ajo, Posti Ajop\u00e4iv\u00e4n aatto Rutiinit ovat rekkakuskille t\u00e4rkeit\u00e4 asioita. Ajop\u00e4iv\u00e4\u00e4 edelt\u00e4v\u00e4n\u00e4 iltana Oulussa asustava Jenni valmistelee ev\u00e4\u00e4t, etsii ty\u00f6vaatteet ja vie rakkaan koiransa Lillin hoitoon. Edess\u00e4 on viiden p\u00e4iv\u00e4n ty\u00f6keikka Oulusta Kittil\u00e4\u00e4n ja takaisin. &#8211; Lilli aistii kyll\u00e4, ett\u00e4 olen [&hellip;]\" \/>\n<meta property=\"og:url\" content=\"https:\/\/korsu.fi\/en\/artikkelit\/kuljetuksia-ja-logistiikkaa-suomessa-ja-pohjoismaissa-osa-1-kaasuautolla-kohti-kittilaa\/\" \/>\n<meta property=\"og:site_name\" content=\"Korsu\" \/>\n<meta property=\"article:publisher\" content=\"https:\/\/www.facebook.com\/korsuoy\" \/>\n<meta property=\"article:published_time\" content=\"2026-09-01T17:09:32+00:00\" \/>\n<meta property=\"article:modified_time\" content=\"2026-09-01T17:22:46+00:00\" \/>\n<meta property=\"og:image\" content=\"https:\/\/korsu.fi\/wp-content\/uploads\/2026\/09\/korsu-Rollo-artikkeli.png\" \/>\n\t<meta property=\"og:image:width\" content=\"1698\" \/>\n\t<meta property=\"og:image:height\" content=\"1200\" \/>\n\t<meta property=\"og:image:type\" content=\"image\/png\" \/>\n<meta name=\"author\" content=\"admin\" \/>\n<meta name=\"twitter:card\" content=\"summary_large_image\" \/>\n<meta name=\"twitter:label1\" content=\"Written by\" \/>\n\t<meta name=\"twitter:data1\" content=\"admin\" \/>\n\t<meta name=\"twitter:label2\" content=\"Est. reading time\" \/>\n\t<meta name=\"twitter:data2\" content=\"6 minutes\" \/>\n<script type=\"application\/ld+json\" class=\"yoast-schema-graph\">{\"@context\":\"https:\\\/\\\/schema.org\",\"@graph\":[{\"@type\":\"Article\",\"@id\":\"https:\\\/\\\/korsu.fi\\\/artikkelit\\\/kuljetuksia-ja-logistiikkaa-suomessa-ja-pohjoismaissa-osa-1-kaasuautolla-kohti-kittilaa\\\/#article\",\"isPartOf\":{\"@id\":\"https:\\\/\\\/korsu.fi\\\/artikkelit\\\/kuljetuksia-ja-logistiikkaa-suomessa-ja-pohjoismaissa-osa-1-kaasuautolla-kohti-kittilaa\\\/\"},\"author\":{\"name\":\"admin\",\"@id\":\"https:\\\/\\\/korsu.fi\\\/#\\\/schema\\\/person\\\/da96a9987c6d3116e0664f7b626fc895\"},\"headline\":\"Kuljetuksia ja logistiikkaa Suomessa ja Pohjoismaissa: Osa #1 Kaasuautolla kohti Kittil\u00e4\u00e4\",\"datePublished\":\"2026-09-01T17:09:32+00:00\",\"dateModified\":\"2026-09-01T17:22:46+00:00\",\"mainEntityOfPage\":{\"@id\":\"https:\\\/\\\/korsu.fi\\\/artikkelit\\\/kuljetuksia-ja-logistiikkaa-suomessa-ja-pohjoismaissa-osa-1-kaasuautolla-kohti-kittilaa\\\/\"},\"wordCount\":841,\"commentCount\":0,\"publisher\":{\"@id\":\"https:\\\/\\\/korsu.fi\\\/#organization\"},\"image\":{\"@id\":\"https:\\\/\\\/korsu.fi\\\/artikkelit\\\/kuljetuksia-ja-logistiikkaa-suomessa-ja-pohjoismaissa-osa-1-kaasuautolla-kohti-kittilaa\\\/#primaryimage\"},\"thumbnailUrl\":\"https:\\\/\\\/korsu.fi\\\/wp-content\\\/uploads\\\/2026\\\/09\\\/korsu-Rollo-artikkeli.png\",\"articleSection\":[\"Artikkelit\"],\"inLanguage\":\"en-US\",\"potentialAction\":[{\"@type\":\"CommentAction\",\"name\":\"Comment\",\"target\":[\"https:\\\/\\\/korsu.fi\\\/artikkelit\\\/kuljetuksia-ja-logistiikkaa-suomessa-ja-pohjoismaissa-osa-1-kaasuautolla-kohti-kittilaa\\\/#respond\"]}]},{\"@type\":\"WebPage\",\"@id\":\"https:\\\/\\\/korsu.fi\\\/artikkelit\\\/kuljetuksia-ja-logistiikkaa-suomessa-ja-pohjoismaissa-osa-1-kaasuautolla-kohti-kittilaa\\\/\",\"url\":\"https:\\\/\\\/korsu.fi\\\/artikkelit\\\/kuljetuksia-ja-logistiikkaa-suomessa-ja-pohjoismaissa-osa-1-kaasuautolla-kohti-kittilaa\\\/\",\"name\":\"Kuljetuksia ja logistiikkaa Suomessa ja Pohjoismaissa: Osa #1 Kaasuautolla kohti Kittil\u00e4\u00e4 &#187; Korsu &#187; Luotettavasti perille\",\"isPartOf\":{\"@id\":\"https:\\\/\\\/korsu.fi\\\/#website\"},\"primaryImageOfPage\":{\"@id\":\"https:\\\/\\\/korsu.fi\\\/artikkelit\\\/kuljetuksia-ja-logistiikkaa-suomessa-ja-pohjoismaissa-osa-1-kaasuautolla-kohti-kittilaa\\\/#primaryimage\"},\"image\":{\"@id\":\"https:\\\/\\\/korsu.fi\\\/artikkelit\\\/kuljetuksia-ja-logistiikkaa-suomessa-ja-pohjoismaissa-osa-1-kaasuautolla-kohti-kittilaa\\\/#primaryimage\"},\"thumbnailUrl\":\"https:\\\/\\\/korsu.fi\\\/wp-content\\\/uploads\\\/2026\\\/09\\\/korsu-Rollo-artikkeli.png\",\"datePublished\":\"2026-09-01T17:09:32+00:00\",\"dateModified\":\"2026-09-01T17:22:46+00:00\",\"breadcrumb\":{\"@id\":\"https:\\\/\\\/korsu.fi\\\/artikkelit\\\/kuljetuksia-ja-logistiikkaa-suomessa-ja-pohjoismaissa-osa-1-kaasuautolla-kohti-kittilaa\\\/#breadcrumb\"},\"inLanguage\":\"en-US\",\"potentialAction\":[{\"@type\":\"ReadAction\",\"target\":[\"https:\\\/\\\/korsu.fi\\\/artikkelit\\\/kuljetuksia-ja-logistiikkaa-suomessa-ja-pohjoismaissa-osa-1-kaasuautolla-kohti-kittilaa\\\/\"]}]},{\"@type\":\"ImageObject\",\"inLanguage\":\"en-US\",\"@id\":\"https:\\\/\\\/korsu.fi\\\/artikkelit\\\/kuljetuksia-ja-logistiikkaa-suomessa-ja-pohjoismaissa-osa-1-kaasuautolla-kohti-kittilaa\\\/#primaryimage\",\"url\":\"https:\\\/\\\/korsu.fi\\\/wp-content\\\/uploads\\\/2026\\\/09\\\/korsu-Rollo-artikkeli.png\",\"contentUrl\":\"https:\\\/\\\/korsu.fi\\\/wp-content\\\/uploads\\\/2026\\\/09\\\/korsu-Rollo-artikkeli.png\",\"width\":1698,\"height\":1200},{\"@type\":\"BreadcrumbList\",\"@id\":\"https:\\\/\\\/korsu.fi\\\/artikkelit\\\/kuljetuksia-ja-logistiikkaa-suomessa-ja-pohjoismaissa-osa-1-kaasuautolla-kohti-kittilaa\\\/#breadcrumb\",\"itemListElement\":[{\"@type\":\"ListItem\",\"position\":1,\"name\":\"Etusivu\",\"item\":\"https:\\\/\\\/korsu.fi\\\/\"},{\"@type\":\"ListItem\",\"position\":2,\"name\":\"Kuljetuksia ja logistiikkaa Suomessa ja Pohjoismaissa: Osa #1 Kaasuautolla kohti Kittil\u00e4\u00e4\"}]},{\"@type\":\"WebSite\",\"@id\":\"https:\\\/\\\/korsu.fi\\\/#website\",\"url\":\"https:\\\/\\\/korsu.fi\\\/\",\"name\":\"Korsu\",\"description\":\"Luotettavasti perille\",\"publisher\":{\"@id\":\"https:\\\/\\\/korsu.fi\\\/#organization\"},\"potentialAction\":[{\"@type\":\"SearchAction\",\"target\":{\"@type\":\"EntryPoint\",\"urlTemplate\":\"https:\\\/\\\/korsu.fi\\\/?s={search_term_string}\"},\"query-input\":{\"@type\":\"PropertyValueSpecification\",\"valueRequired\":true,\"valueName\":\"search_term_string\"}}],\"inLanguage\":\"en-US\"},{\"@type\":\"Organization\",\"@id\":\"https:\\\/\\\/korsu.fi\\\/#organization\",\"name\":\"Korsu\",\"url\":\"https:\\\/\\\/korsu.fi\\\/\",\"logo\":{\"@type\":\"ImageObject\",\"inLanguage\":\"en-US\",\"@id\":\"https:\\\/\\\/korsu.fi\\\/#\\\/schema\\\/logo\\\/image\\\/\",\"url\":\"https:\\\/\\\/korsu.fi\\\/wp-content\\\/uploads\\\/2024\\\/04\\\/ylalogo-3-2.png\",\"contentUrl\":\"https:\\\/\\\/korsu.fi\\\/wp-content\\\/uploads\\\/2024\\\/04\\\/ylalogo-3-2.png\",\"width\":950,\"height\":294,\"caption\":\"Korsu\"},\"image\":{\"@id\":\"https:\\\/\\\/korsu.fi\\\/#\\\/schema\\\/logo\\\/image\\\/\"},\"sameAs\":[\"https:\\\/\\\/www.facebook.com\\\/korsuoy\",\"https:\\\/\\\/www.instagram.com\\\/korsuoy\",\"https:\\\/\\\/www.youtube.com\\\/@Korsu1923\",\"https:\\\/\\\/open.spotify.com\\\/show\\\/3AMoRqTdJvU69zLBS38NXv?si=1ndd13lGQSCTsMgyShEEPw\",\"https:\\\/\\\/www.linkedin.com\\\/company\\\/korsu-oy\"]},{\"@type\":\"Person\",\"@id\":\"https:\\\/\\\/korsu.fi\\\/#\\\/schema\\\/person\\\/da96a9987c6d3116e0664f7b626fc895\",\"name\":\"admin\",\"image\":{\"@type\":\"ImageObject\",\"inLanguage\":\"en-US\",\"@id\":\"https:\\\/\\\/secure.gravatar.com\\\/avatar\\\/20b9e9630cdaae0bc4de2c052b2c65196ad5d9058f7d735289405eaf6908f17a?s=96&d=mm&r=g\",\"url\":\"https:\\\/\\\/secure.gravatar.com\\\/avatar\\\/20b9e9630cdaae0bc4de2c052b2c65196ad5d9058f7d735289405eaf6908f17a?s=96&d=mm&r=g\",\"contentUrl\":\"https:\\\/\\\/secure.gravatar.com\\\/avatar\\\/20b9e9630cdaae0bc4de2c052b2c65196ad5d9058f7d735289405eaf6908f17a?s=96&d=mm&r=g\",\"caption\":\"admin\"},\"sameAs\":[\"https:\\\/\\\/korsu.fi\"],\"url\":\"https:\\\/\\\/korsu.fi\\\/en\\\/author\\\/admin\\\/\"}]}<\/script>\n<!-- \/ Yoast SEO plugin. -->","yoast_head_json":{"title":"Kuljetuksia ja logistiikkaa Suomessa ja Pohjoismaissa: Osa #1 Kaasuautolla kohti Kittil\u00e4\u00e4 &#187; Korsu &#187; Luotettavasti perille","robots":{"index":"index","follow":"follow","max-snippet":"max-snippet:-1","max-image-preview":"max-image-preview:large","max-video-preview":"max-video-preview:-1"},"canonical":"https:\/\/korsu.fi\/en\/artikkelit\/kuljetuksia-ja-logistiikkaa-suomessa-ja-pohjoismaissa-osa-1-kaasuautolla-kohti-kittilaa\/","og_locale":"en_US","og_type":"article","og_title":"Kuljetuksia ja logistiikkaa Suomessa ja Pohjoismaissa: Osa #1 Kaasuautolla kohti Kittil\u00e4\u00e4 &#187; Korsu &#187; Luotettavasti perille","og_description":"Kuka olen? Nimi: Jenni Holappa Ik\u00e4: 24-vuotias Syntym\u00e4paikka: Oulu Koulutus: Osao Kempele Aiempi ty\u00f6kokemus: Kappaletavaran ajo, Posti Ajop\u00e4iv\u00e4n aatto Rutiinit ovat rekkakuskille t\u00e4rkeit\u00e4 asioita. Ajop\u00e4iv\u00e4\u00e4 edelt\u00e4v\u00e4n\u00e4 iltana Oulussa asustava Jenni valmistelee ev\u00e4\u00e4t, etsii ty\u00f6vaatteet ja vie rakkaan koiransa Lillin hoitoon. Edess\u00e4 on viiden p\u00e4iv\u00e4n ty\u00f6keikka Oulusta Kittil\u00e4\u00e4n ja takaisin. &#8211; Lilli aistii kyll\u00e4, ett\u00e4 olen [&hellip;]","og_url":"https:\/\/korsu.fi\/en\/artikkelit\/kuljetuksia-ja-logistiikkaa-suomessa-ja-pohjoismaissa-osa-1-kaasuautolla-kohti-kittilaa\/","og_site_name":"Korsu","article_publisher":"https:\/\/www.facebook.com\/korsuoy","article_published_time":"2026-09-01T17:09:32+00:00","article_modified_time":"2026-09-01T17:22:46+00:00","og_image":[{"width":1698,"height":1200,"url":"https:\/\/korsu.fi\/wp-content\/uploads\/2026\/09\/korsu-Rollo-artikkeli.png","type":"image\/png"}],"author":"admin","twitter_card":"summary_large_image","twitter_misc":{"Written by":"admin","Est. reading time":"6 minutes"},"schema":{"@context":"https:\/\/schema.org","@graph":[{"@type":"Article","@id":"https:\/\/korsu.fi\/artikkelit\/kuljetuksia-ja-logistiikkaa-suomessa-ja-pohjoismaissa-osa-1-kaasuautolla-kohti-kittilaa\/#article","isPartOf":{"@id":"https:\/\/korsu.fi\/artikkelit\/kuljetuksia-ja-logistiikkaa-suomessa-ja-pohjoismaissa-osa-1-kaasuautolla-kohti-kittilaa\/"},"author":{"name":"admin","@id":"https:\/\/korsu.fi\/#\/schema\/person\/da96a9987c6d3116e0664f7b626fc895"},"headline":"Kuljetuksia ja logistiikkaa Suomessa ja Pohjoismaissa: Osa #1 Kaasuautolla kohti Kittil\u00e4\u00e4","datePublished":"2026-09-01T17:09:32+00:00","dateModified":"2026-09-01T17:22:46+00:00","mainEntityOfPage":{"@id":"https:\/\/korsu.fi\/artikkelit\/kuljetuksia-ja-logistiikkaa-suomessa-ja-pohjoismaissa-osa-1-kaasuautolla-kohti-kittilaa\/"},"wordCount":841,"commentCount":0,"publisher":{"@id":"https:\/\/korsu.fi\/#organization"},"image":{"@id":"https:\/\/korsu.fi\/artikkelit\/kuljetuksia-ja-logistiikkaa-suomessa-ja-pohjoismaissa-osa-1-kaasuautolla-kohti-kittilaa\/#primaryimage"},"thumbnailUrl":"https:\/\/korsu.fi\/wp-content\/uploads\/2026\/09\/korsu-Rollo-artikkeli.png","articleSection":["Artikkelit"],"inLanguage":"en-US","potentialAction":[{"@type":"CommentAction","name":"Comment","target":["https:\/\/korsu.fi\/artikkelit\/kuljetuksia-ja-logistiikkaa-suomessa-ja-pohjoismaissa-osa-1-kaasuautolla-kohti-kittilaa\/#respond"]}]},{"@type":"WebPage","@id":"https:\/\/korsu.fi\/artikkelit\/kuljetuksia-ja-logistiikkaa-suomessa-ja-pohjoismaissa-osa-1-kaasuautolla-kohti-kittilaa\/","url":"https:\/\/korsu.fi\/artikkelit\/kuljetuksia-ja-logistiikkaa-suomessa-ja-pohjoismaissa-osa-1-kaasuautolla-kohti-kittilaa\/","name":"Kuljetuksia ja logistiikkaa Suomessa ja Pohjoismaissa: Osa #1 Kaasuautolla kohti Kittil\u00e4\u00e4 &#187; Korsu &#187; Luotettavasti perille","isPartOf":{"@id":"https:\/\/korsu.fi\/#website"},"primaryImageOfPage":{"@id":"https:\/\/korsu.fi\/artikkelit\/kuljetuksia-ja-logistiikkaa-suomessa-ja-pohjoismaissa-osa-1-kaasuautolla-kohti-kittilaa\/#primaryimage"},"image":{"@id":"https:\/\/korsu.fi\/artikkelit\/kuljetuksia-ja-logistiikkaa-suomessa-ja-pohjoismaissa-osa-1-kaasuautolla-kohti-kittilaa\/#primaryimage"},"thumbnailUrl":"https:\/\/korsu.fi\/wp-content\/uploads\/2026\/09\/korsu-Rollo-artikkeli.png","datePublished":"2026-09-01T17:09:32+00:00","dateModified":"2026-09-01T17:22:46+00:00","breadcrumb":{"@id":"https:\/\/korsu.fi\/artikkelit\/kuljetuksia-ja-logistiikkaa-suomessa-ja-pohjoismaissa-osa-1-kaasuautolla-kohti-kittilaa\/#breadcrumb"},"inLanguage":"en-US","potentialAction":[{"@type":"ReadAction","target":["https:\/\/korsu.fi\/artikkelit\/kuljetuksia-ja-logistiikkaa-suomessa-ja-pohjoismaissa-osa-1-kaasuautolla-kohti-kittilaa\/"]}]},{"@type":"ImageObject","inLanguage":"en-US","@id":"https:\/\/korsu.fi\/artikkelit\/kuljetuksia-ja-logistiikkaa-suomessa-ja-pohjoismaissa-osa-1-kaasuautolla-kohti-kittilaa\/#primaryimage","url":"https:\/\/korsu.fi\/wp-content\/uploads\/2026\/09\/korsu-Rollo-artikkeli.png","contentUrl":"https:\/\/korsu.fi\/wp-content\/uploads\/2026\/09\/korsu-Rollo-artikkeli.png","width":1698,"height":1200},{"@type":"BreadcrumbList","@id":"https:\/\/korsu.fi\/artikkelit\/kuljetuksia-ja-logistiikkaa-suomessa-ja-pohjoismaissa-osa-1-kaasuautolla-kohti-kittilaa\/#breadcrumb","itemListElement":[{"@type":"ListItem","position":1,"name":"Etusivu","item":"https:\/\/korsu.fi\/"},{"@type":"ListItem","position":2,"name":"Kuljetuksia ja logistiikkaa Suomessa ja Pohjoismaissa: Osa #1 Kaasuautolla kohti Kittil\u00e4\u00e4"}]},{"@type":"WebSite","@id":"https:\/\/korsu.fi\/#website","url":"https:\/\/korsu.fi\/","name":"Korsu","description":"ALL THE WAY RELIABLE","publisher":{"@id":"https:\/\/korsu.fi\/#organization"},"potentialAction":[{"@type":"SearchAction","target":{"@type":"EntryPoint","urlTemplate":"https:\/\/korsu.fi\/?s={search_term_string}"},"query-input":{"@type":"PropertyValueSpecification","valueRequired":true,"valueName":"search_term_string"}}],"inLanguage":"en-US"},{"@type":"Organization","@id":"https:\/\/korsu.fi\/#organization","name":"Korsu","url":"https:\/\/korsu.fi\/","logo":{"@type":"ImageObject","inLanguage":"en-US","@id":"https:\/\/korsu.fi\/#\/schema\/logo\/image\/","url":"https:\/\/korsu.fi\/wp-content\/uploads\/2024\/04\/ylalogo-3-2.png","contentUrl":"https:\/\/korsu.fi\/wp-content\/uploads\/2024\/04\/ylalogo-3-2.png","width":950,"height":294,"caption":"Korsu"},"image":{"@id":"https:\/\/korsu.fi\/#\/schema\/logo\/image\/"},"sameAs":["https:\/\/www.facebook.com\/korsuoy","https:\/\/www.instagram.com\/korsuoy","https:\/\/www.youtube.com\/@Korsu1923","https:\/\/open.spotify.com\/show\/3AMoRqTdJvU69zLBS38NXv?si=1ndd13lGQSCTsMgyShEEPw","https:\/\/www.linkedin.com\/company\/korsu-oy"]},{"@type":"Person","@id":"https:\/\/korsu.fi\/#\/schema\/person\/da96a9987c6d3116e0664f7b626fc895","name":"admin","image":{"@type":"ImageObject","inLanguage":"en-US","@id":"https:\/\/secure.gravatar.com\/avatar\/20b9e9630cdaae0bc4de2c052b2c65196ad5d9058f7d735289405eaf6908f17a?s=96&d=mm&r=g","url":"https:\/\/secure.gravatar.com\/avatar\/20b9e9630cdaae0bc4de2c052b2c65196ad5d9058f7d735289405eaf6908f17a?s=96&d=mm&r=g","contentUrl":"https:\/\/secure.gravatar.com\/avatar\/20b9e9630cdaae0bc4de2c052b2c65196ad5d9058f7d735289405eaf6908f17a?s=96&d=mm&r=g","caption":"admin"},"sameAs":["https:\/\/korsu.fi"],"url":"https:\/\/korsu.fi\/en\/author\/admin\/"}]}},"_links":{"self":[{"href":"https:\/\/korsu.fi\/en\/wp-json\/wp\/v2\/posts\/1792","targetHints":{"allow":["GET"]}}],"collection":[{"href":"https:\/\/korsu.fi\/en\/wp-json\/wp\/v2\/posts"}],"about":[{"href":"https:\/\/korsu.fi\/en\/wp-json\/wp\/v2\/types\/post"}],"author":[{"embeddable":true,"href":"https:\/\/korsu.fi\/en\/wp-json\/wp\/v2\/users\/1"}],"replies":[{"embeddable":true,"href":"https:\/\/korsu.fi\/en\/wp-json\/wp\/v2\/comments?post=1792"}],"version-history":[{"count":4,"href":"https:\/\/korsu.fi\/en\/wp-json\/wp\/v2\/posts\/1792\/revisions"}],"predecessor-version":[{"id":1812,"href":"https:\/\/korsu.fi\/en\/wp-json\/wp\/v2\/posts\/1792\/revisions\/1812"}],"wp:featuredmedia":[{"embeddable":true,"href":"https:\/\/korsu.fi\/en\/wp-json\/wp\/v2\/media\/1807"}],"wp:attachment":[{"href":"https:\/\/korsu.fi\/en\/wp-json\/wp\/v2\/media?parent=1792"}],"wp:term":[{"taxonomy":"category","embeddable":true,"href":"https:\/\/korsu.fi\/en\/wp-json\/wp\/v2\/categories?post=1792"},{"taxonomy":"post_tag","embeddable":true,"href":"https:\/\/korsu.fi\/en\/wp-json\/wp\/v2\/tags?post=1792"}],"curies":[{"name":"wp","href":"https:\/\/api.w.org\/{rel}","templated":true}]}}