{"id":821,"date":"2024-06-26T10:02:31","date_gmt":"2024-06-26T07:02:31","guid":{"rendered":"https:\/\/korsu.fi\/?p=821"},"modified":"2024-06-26T10:12:11","modified_gmt":"2024-06-26T07:12:11","slug":"korsu-vieraili-pohjoinen-teollisuus-messuilla","status":"publish","type":"post","link":"https:\/\/korsu.fi\/en\/artikkelit\/korsu-vieraili-pohjoinen-teollisuus-messuilla\/","title":{"rendered":"Korsu vieraili Pohjoinen Teollisuus -messuilla"},"content":{"rendered":"<p>Annika Keski-Korsu oli yksi Korsun pisteell\u00e4 olevista ty\u00f6ntekij\u00f6ist\u00e4.<\/p>\n\n\n\n<p>&#8211; Paikalla meill\u00e4 oli 2019 hankittu Scania LNG-kaasulla toimivan puoliper\u00e4vaunun vetoauto Side Loaderin kera. Ohikulkijoita pys\u00e4htyi Pisteell\u00e4mme mukavasti ja tuli sielt\u00e4 kuljetuskyselyit\u00e4kin jonkun verran.<\/p>\n\n\n\n<p>&#8211; Markkinoimme messuilla toki yleisesti Korsun kuljetuspalveluita, mutta etenkin kerroimme sideloaderin hy\u00f6dyist\u00e4 konttikuljetuksissa. Kaikki ei viel\u00e4 hoksaa, mihin kaikkeen sideloaderia voi hy\u00f6dynt\u00e4\u00e4.<\/p>\n\n\n\n<p>&#8211; Jos kontteja kuljetetaan yksi kerrallaan, niin t\u00e4ll\u00f6in aikaa hukkaantuu. Sideloaderin ansiosta voimme kuljettaa satamista kaksi-nelj\u00e4 konttia kerrallaan kohteeseen, konttien pituudesta riippuen. T\u00e4ll\u00f6in ei tarvita my\u00f6sk\u00e4\u00e4n muuta nostokalustoa. 20 jalan kontteja voi olla jopa nelj\u00e4 kerrallaan kyydiss\u00e4, jos painot sallii, toteaa Korsun ajoj\u00e4rjestelij\u00e4 Annika Keski-Korsu.<\/p>","protected":false},"excerpt":{"rendered":"<p>Korsu vieraili Pohjoinen Teollisuus -messuilla Oulussa 22.-23.5.2024.<\/p>","protected":false},"author":1,"featured_media":829,"comment_status":"open","ping_status":"open","sticky":false,"template":"","format":"standard","meta":{"_acf_changed":false,"footnotes":""},"categories":[10],"tags":[],"class_list":["post-821","post","type-post","status-publish","format-standard","has-post-thumbnail","hentry","category-artikkelit"],"acf":[],"yoast_head":"<!-- This site is optimized with the Yoast SEO plugin v27.5 - https:\/\/yoast.com\/product\/yoast-seo-wordpress\/ -->\n<title>Korsu vieraili Pohjoinen Teollisuus -messuilla &#187; Korsu &#187; Luotettavasti perille<\/title>\n<meta name=\"description\" content=\"Korsu vieraili ensimm\u00e4ist\u00e4 kertaa messust\u00e4ndill\u00e4\u00e4n Pohjoinen Teollisuus -messuilla Oulussa 22.-23.5.2024. Lue Korsun matkasta messuilla.\" \/>\n<meta name=\"robots\" content=\"index, follow, max-snippet:-1, max-image-preview:large, max-video-preview:-1\" \/>\n<link rel=\"canonical\" href=\"https:\/\/korsu.fi\/en\/artikkelit\/korsu-vieraili-pohjoinen-teollisuus-messuilla\/\" \/>\n<meta property=\"og:locale\" content=\"en_US\" \/>\n<meta property=\"og:type\" content=\"article\" \/>\n<meta property=\"og:title\" content=\"Korsu vieraili Pohjoinen Teollisuus -messuilla &#187; Korsu &#187; Luotettavasti perille\" \/>\n<meta property=\"og:description\" content=\"Korsu vieraili ensimm\u00e4ist\u00e4 kertaa messust\u00e4ndill\u00e4\u00e4n Pohjoinen Teollisuus -messuilla Oulussa 22.-23.5.2024. Lue Korsun matkasta messuilla.\" \/>\n<meta property=\"og:url\" content=\"https:\/\/korsu.fi\/en\/artikkelit\/korsu-vieraili-pohjoinen-teollisuus-messuilla\/\" \/>\n<meta property=\"og:site_name\" content=\"Korsu\" \/>\n<meta property=\"article:publisher\" content=\"https:\/\/www.facebook.com\/korsuoy\" \/>\n<meta property=\"article:published_time\" content=\"2024-06-26T07:02:31+00:00\" \/>\n<meta property=\"article:modified_time\" content=\"2024-06-26T07:12:11+00:00\" \/>\n<meta property=\"og:image\" content=\"https:\/\/korsu.fi\/wp-content\/uploads\/2024\/06\/Konttiisokuva.jpg\" \/>\n\t<meta property=\"og:image:width\" content=\"1920\" \/>\n\t<meta property=\"og:image:height\" content=\"1280\" \/>\n\t<meta property=\"og:image:type\" content=\"image\/jpeg\" \/>\n<meta name=\"author\" content=\"admin\" \/>\n<meta name=\"twitter:card\" content=\"summary_large_image\" \/>\n<meta name=\"twitter:label1\" content=\"Written by\" \/>\n\t<meta name=\"twitter:data1\" content=\"admin\" \/>\n\t<meta name=\"twitter:label2\" content=\"Est. reading time\" \/>\n\t<meta name=\"twitter:data2\" content=\"1 minute\" \/>\n<script type=\"application\/ld+json\" class=\"yoast-schema-graph\">{\"@context\":\"https:\\\/\\\/schema.org\",\"@graph\":[{\"@type\":\"Article\",\"@id\":\"https:\\\/\\\/korsu.fi\\\/artikkelit\\\/korsu-vieraili-pohjoinen-teollisuus-messuilla\\\/#article\",\"isPartOf\":{\"@id\":\"https:\\\/\\\/korsu.fi\\\/artikkelit\\\/korsu-vieraili-pohjoinen-teollisuus-messuilla\\\/\"},\"author\":{\"name\":\"admin\",\"@id\":\"https:\\\/\\\/korsu.fi\\\/#\\\/schema\\\/person\\\/da96a9987c6d3116e0664f7b626fc895\"},\"headline\":\"Korsu vieraili Pohjoinen Teollisuus -messuilla\",\"datePublished\":\"2024-06-26T07:02:31+00:00\",\"dateModified\":\"2024-06-26T07:12:11+00:00\",\"mainEntityOfPage\":{\"@id\":\"https:\\\/\\\/korsu.fi\\\/artikkelit\\\/korsu-vieraili-pohjoinen-teollisuus-messuilla\\\/\"},\"wordCount\":117,\"commentCount\":0,\"publisher\":{\"@id\":\"https:\\\/\\\/korsu.fi\\\/#organization\"},\"image\":{\"@id\":\"https:\\\/\\\/korsu.fi\\\/artikkelit\\\/korsu-vieraili-pohjoinen-teollisuus-messuilla\\\/#primaryimage\"},\"thumbnailUrl\":\"https:\\\/\\\/korsu.fi\\\/wp-content\\\/uploads\\\/2024\\\/06\\\/Konttiisokuva.jpg\",\"articleSection\":[\"Artikkelit\"],\"inLanguage\":\"en-US\",\"potentialAction\":[{\"@type\":\"CommentAction\",\"name\":\"Comment\",\"target\":[\"https:\\\/\\\/korsu.fi\\\/artikkelit\\\/korsu-vieraili-pohjoinen-teollisuus-messuilla\\\/#respond\"]}]},{\"@type\":\"WebPage\",\"@id\":\"https:\\\/\\\/korsu.fi\\\/artikkelit\\\/korsu-vieraili-pohjoinen-teollisuus-messuilla\\\/\",\"url\":\"https:\\\/\\\/korsu.fi\\\/artikkelit\\\/korsu-vieraili-pohjoinen-teollisuus-messuilla\\\/\",\"name\":\"Korsu vieraili Pohjoinen Teollisuus -messuilla &#187; Korsu &#187; Luotettavasti perille\",\"isPartOf\":{\"@id\":\"https:\\\/\\\/korsu.fi\\\/#website\"},\"primaryImageOfPage\":{\"@id\":\"https:\\\/\\\/korsu.fi\\\/artikkelit\\\/korsu-vieraili-pohjoinen-teollisuus-messuilla\\\/#primaryimage\"},\"image\":{\"@id\":\"https:\\\/\\\/korsu.fi\\\/artikkelit\\\/korsu-vieraili-pohjoinen-teollisuus-messuilla\\\/#primaryimage\"},\"thumbnailUrl\":\"https:\\\/\\\/korsu.fi\\\/wp-content\\\/uploads\\\/2024\\\/06\\\/Konttiisokuva.jpg\",\"datePublished\":\"2024-06-26T07:02:31+00:00\",\"dateModified\":\"2024-06-26T07:12:11+00:00\",\"description\":\"Korsu vieraili ensimm\u00e4ist\u00e4 kertaa messust\u00e4ndill\u00e4\u00e4n Pohjoinen Teollisuus -messuilla Oulussa 22.-23.5.2024. Lue Korsun matkasta messuilla.\",\"breadcrumb\":{\"@id\":\"https:\\\/\\\/korsu.fi\\\/artikkelit\\\/korsu-vieraili-pohjoinen-teollisuus-messuilla\\\/#breadcrumb\"},\"inLanguage\":\"en-US\",\"potentialAction\":[{\"@type\":\"ReadAction\",\"target\":[\"https:\\\/\\\/korsu.fi\\\/artikkelit\\\/korsu-vieraili-pohjoinen-teollisuus-messuilla\\\/\"]}]},{\"@type\":\"ImageObject\",\"inLanguage\":\"en-US\",\"@id\":\"https:\\\/\\\/korsu.fi\\\/artikkelit\\\/korsu-vieraili-pohjoinen-teollisuus-messuilla\\\/#primaryimage\",\"url\":\"https:\\\/\\\/korsu.fi\\\/wp-content\\\/uploads\\\/2024\\\/06\\\/Konttiisokuva.jpg\",\"contentUrl\":\"https:\\\/\\\/korsu.fi\\\/wp-content\\\/uploads\\\/2024\\\/06\\\/Konttiisokuva.jpg\",\"width\":1920,\"height\":1280},{\"@type\":\"BreadcrumbList\",\"@id\":\"https:\\\/\\\/korsu.fi\\\/artikkelit\\\/korsu-vieraili-pohjoinen-teollisuus-messuilla\\\/#breadcrumb\",\"itemListElement\":[{\"@type\":\"ListItem\",\"position\":1,\"name\":\"Etusivu\",\"item\":\"https:\\\/\\\/korsu.fi\\\/\"},{\"@type\":\"ListItem\",\"position\":2,\"name\":\"Korsu vieraili Pohjoinen Teollisuus -messuilla\"}]},{\"@type\":\"WebSite\",\"@id\":\"https:\\\/\\\/korsu.fi\\\/#website\",\"url\":\"https:\\\/\\\/korsu.fi\\\/\",\"name\":\"Korsu\",\"description\":\"Luotettavasti perille\",\"publisher\":{\"@id\":\"https:\\\/\\\/korsu.fi\\\/#organization\"},\"potentialAction\":[{\"@type\":\"SearchAction\",\"target\":{\"@type\":\"EntryPoint\",\"urlTemplate\":\"https:\\\/\\\/korsu.fi\\\/?s={search_term_string}\"},\"query-input\":{\"@type\":\"PropertyValueSpecification\",\"valueRequired\":true,\"valueName\":\"search_term_string\"}}],\"inLanguage\":\"en-US\"},{\"@type\":\"Organization\",\"@id\":\"https:\\\/\\\/korsu.fi\\\/#organization\",\"name\":\"Korsu\",\"url\":\"https:\\\/\\\/korsu.fi\\\/\",\"logo\":{\"@type\":\"ImageObject\",\"inLanguage\":\"en-US\",\"@id\":\"https:\\\/\\\/korsu.fi\\\/#\\\/schema\\\/logo\\\/image\\\/\",\"url\":\"https:\\\/\\\/korsu.fi\\\/wp-content\\\/uploads\\\/2024\\\/04\\\/ylalogo-3-2.png\",\"contentUrl\":\"https:\\\/\\\/korsu.fi\\\/wp-content\\\/uploads\\\/2024\\\/04\\\/ylalogo-3-2.png\",\"width\":950,\"height\":294,\"caption\":\"Korsu\"},\"image\":{\"@id\":\"https:\\\/\\\/korsu.fi\\\/#\\\/schema\\\/logo\\\/image\\\/\"},\"sameAs\":[\"https:\\\/\\\/www.facebook.com\\\/korsuoy\",\"https:\\\/\\\/www.instagram.com\\\/korsuoy\",\"https:\\\/\\\/www.youtube.com\\\/@Korsu1923\",\"https:\\\/\\\/open.spotify.com\\\/show\\\/3AMoRqTdJvU69zLBS38NXv?si=1ndd13lGQSCTsMgyShEEPw\",\"https:\\\/\\\/www.linkedin.com\\\/company\\\/korsu-oy\"]},{\"@type\":\"Person\",\"@id\":\"https:\\\/\\\/korsu.fi\\\/#\\\/schema\\\/person\\\/da96a9987c6d3116e0664f7b626fc895\",\"name\":\"admin\",\"image\":{\"@type\":\"ImageObject\",\"inLanguage\":\"en-US\",\"@id\":\"https:\\\/\\\/secure.gravatar.com\\\/avatar\\\/20b9e9630cdaae0bc4de2c052b2c65196ad5d9058f7d735289405eaf6908f17a?s=96&d=mm&r=g\",\"url\":\"https:\\\/\\\/secure.gravatar.com\\\/avatar\\\/20b9e9630cdaae0bc4de2c052b2c65196ad5d9058f7d735289405eaf6908f17a?s=96&d=mm&r=g\",\"contentUrl\":\"https:\\\/\\\/secure.gravatar.com\\\/avatar\\\/20b9e9630cdaae0bc4de2c052b2c65196ad5d9058f7d735289405eaf6908f17a?s=96&d=mm&r=g\",\"caption\":\"admin\"},\"sameAs\":[\"https:\\\/\\\/korsu.fi\"],\"url\":\"https:\\\/\\\/korsu.fi\\\/en\\\/author\\\/admin\\\/\"}]}<\/script>\n<!-- \/ Yoast SEO plugin. -->","yoast_head_json":{"title":"Korsu vieraili Pohjoinen Teollisuus -messuilla &#187; Korsu &#187; Luotettavasti perille","description":"Korsu vieraili ensimm\u00e4ist\u00e4 kertaa messust\u00e4ndill\u00e4\u00e4n Pohjoinen Teollisuus -messuilla Oulussa 22.-23.5.2024. Lue Korsun matkasta messuilla.","robots":{"index":"index","follow":"follow","max-snippet":"max-snippet:-1","max-image-preview":"max-image-preview:large","max-video-preview":"max-video-preview:-1"},"canonical":"https:\/\/korsu.fi\/en\/artikkelit\/korsu-vieraili-pohjoinen-teollisuus-messuilla\/","og_locale":"en_US","og_type":"article","og_title":"Korsu vieraili Pohjoinen Teollisuus -messuilla &#187; Korsu &#187; Luotettavasti perille","og_description":"Korsu vieraili ensimm\u00e4ist\u00e4 kertaa messust\u00e4ndill\u00e4\u00e4n Pohjoinen Teollisuus -messuilla Oulussa 22.-23.5.2024. Lue Korsun matkasta messuilla.","og_url":"https:\/\/korsu.fi\/en\/artikkelit\/korsu-vieraili-pohjoinen-teollisuus-messuilla\/","og_site_name":"Korsu","article_publisher":"https:\/\/www.facebook.com\/korsuoy","article_published_time":"2024-06-26T07:02:31+00:00","article_modified_time":"2024-06-26T07:12:11+00:00","og_image":[{"width":1920,"height":1280,"url":"https:\/\/korsu.fi\/wp-content\/uploads\/2024\/06\/Konttiisokuva.jpg","type":"image\/jpeg"}],"author":"admin","twitter_card":"summary_large_image","twitter_misc":{"Written by":"admin","Est. reading time":"1 minute"},"schema":{"@context":"https:\/\/schema.org","@graph":[{"@type":"Article","@id":"https:\/\/korsu.fi\/artikkelit\/korsu-vieraili-pohjoinen-teollisuus-messuilla\/#article","isPartOf":{"@id":"https:\/\/korsu.fi\/artikkelit\/korsu-vieraili-pohjoinen-teollisuus-messuilla\/"},"author":{"name":"admin","@id":"https:\/\/korsu.fi\/#\/schema\/person\/da96a9987c6d3116e0664f7b626fc895"},"headline":"Korsu vieraili Pohjoinen Teollisuus -messuilla","datePublished":"2024-06-26T07:02:31+00:00","dateModified":"2024-06-26T07:12:11+00:00","mainEntityOfPage":{"@id":"https:\/\/korsu.fi\/artikkelit\/korsu-vieraili-pohjoinen-teollisuus-messuilla\/"},"wordCount":117,"commentCount":0,"publisher":{"@id":"https:\/\/korsu.fi\/#organization"},"image":{"@id":"https:\/\/korsu.fi\/artikkelit\/korsu-vieraili-pohjoinen-teollisuus-messuilla\/#primaryimage"},"thumbnailUrl":"https:\/\/korsu.fi\/wp-content\/uploads\/2024\/06\/Konttiisokuva.jpg","articleSection":["Artikkelit"],"inLanguage":"en-US","potentialAction":[{"@type":"CommentAction","name":"Comment","target":["https:\/\/korsu.fi\/artikkelit\/korsu-vieraili-pohjoinen-teollisuus-messuilla\/#respond"]}]},{"@type":"WebPage","@id":"https:\/\/korsu.fi\/artikkelit\/korsu-vieraili-pohjoinen-teollisuus-messuilla\/","url":"https:\/\/korsu.fi\/artikkelit\/korsu-vieraili-pohjoinen-teollisuus-messuilla\/","name":"Korsu vieraili Pohjoinen Teollisuus -messuilla &#187; Korsu &#187; Luotettavasti perille","isPartOf":{"@id":"https:\/\/korsu.fi\/#website"},"primaryImageOfPage":{"@id":"https:\/\/korsu.fi\/artikkelit\/korsu-vieraili-pohjoinen-teollisuus-messuilla\/#primaryimage"},"image":{"@id":"https:\/\/korsu.fi\/artikkelit\/korsu-vieraili-pohjoinen-teollisuus-messuilla\/#primaryimage"},"thumbnailUrl":"https:\/\/korsu.fi\/wp-content\/uploads\/2024\/06\/Konttiisokuva.jpg","datePublished":"2024-06-26T07:02:31+00:00","dateModified":"2024-06-26T07:12:11+00:00","description":"Korsu vieraili ensimm\u00e4ist\u00e4 kertaa messust\u00e4ndill\u00e4\u00e4n Pohjoinen Teollisuus -messuilla Oulussa 22.-23.5.2024. Lue Korsun matkasta messuilla.","breadcrumb":{"@id":"https:\/\/korsu.fi\/artikkelit\/korsu-vieraili-pohjoinen-teollisuus-messuilla\/#breadcrumb"},"inLanguage":"en-US","potentialAction":[{"@type":"ReadAction","target":["https:\/\/korsu.fi\/artikkelit\/korsu-vieraili-pohjoinen-teollisuus-messuilla\/"]}]},{"@type":"ImageObject","inLanguage":"en-US","@id":"https:\/\/korsu.fi\/artikkelit\/korsu-vieraili-pohjoinen-teollisuus-messuilla\/#primaryimage","url":"https:\/\/korsu.fi\/wp-content\/uploads\/2024\/06\/Konttiisokuva.jpg","contentUrl":"https:\/\/korsu.fi\/wp-content\/uploads\/2024\/06\/Konttiisokuva.jpg","width":1920,"height":1280},{"@type":"BreadcrumbList","@id":"https:\/\/korsu.fi\/artikkelit\/korsu-vieraili-pohjoinen-teollisuus-messuilla\/#breadcrumb","itemListElement":[{"@type":"ListItem","position":1,"name":"Etusivu","item":"https:\/\/korsu.fi\/"},{"@type":"ListItem","position":2,"name":"Korsu vieraili Pohjoinen Teollisuus -messuilla"}]},{"@type":"WebSite","@id":"https:\/\/korsu.fi\/#website","url":"https:\/\/korsu.fi\/","name":"Korsu","description":"ALL THE WAY RELIABLE","publisher":{"@id":"https:\/\/korsu.fi\/#organization"},"potentialAction":[{"@type":"SearchAction","target":{"@type":"EntryPoint","urlTemplate":"https:\/\/korsu.fi\/?s={search_term_string}"},"query-input":{"@type":"PropertyValueSpecification","valueRequired":true,"valueName":"search_term_string"}}],"inLanguage":"en-US"},{"@type":"Organization","@id":"https:\/\/korsu.fi\/#organization","name":"Korsu","url":"https:\/\/korsu.fi\/","logo":{"@type":"ImageObject","inLanguage":"en-US","@id":"https:\/\/korsu.fi\/#\/schema\/logo\/image\/","url":"https:\/\/korsu.fi\/wp-content\/uploads\/2024\/04\/ylalogo-3-2.png","contentUrl":"https:\/\/korsu.fi\/wp-content\/uploads\/2024\/04\/ylalogo-3-2.png","width":950,"height":294,"caption":"Korsu"},"image":{"@id":"https:\/\/korsu.fi\/#\/schema\/logo\/image\/"},"sameAs":["https:\/\/www.facebook.com\/korsuoy","https:\/\/www.instagram.com\/korsuoy","https:\/\/www.youtube.com\/@Korsu1923","https:\/\/open.spotify.com\/show\/3AMoRqTdJvU69zLBS38NXv?si=1ndd13lGQSCTsMgyShEEPw","https:\/\/www.linkedin.com\/company\/korsu-oy"]},{"@type":"Person","@id":"https:\/\/korsu.fi\/#\/schema\/person\/da96a9987c6d3116e0664f7b626fc895","name":"admin","image":{"@type":"ImageObject","inLanguage":"en-US","@id":"https:\/\/secure.gravatar.com\/avatar\/20b9e9630cdaae0bc4de2c052b2c65196ad5d9058f7d735289405eaf6908f17a?s=96&d=mm&r=g","url":"https:\/\/secure.gravatar.com\/avatar\/20b9e9630cdaae0bc4de2c052b2c65196ad5d9058f7d735289405eaf6908f17a?s=96&d=mm&r=g","contentUrl":"https:\/\/secure.gravatar.com\/avatar\/20b9e9630cdaae0bc4de2c052b2c65196ad5d9058f7d735289405eaf6908f17a?s=96&d=mm&r=g","caption":"admin"},"sameAs":["https:\/\/korsu.fi"],"url":"https:\/\/korsu.fi\/en\/author\/admin\/"}]}},"_links":{"self":[{"href":"https:\/\/korsu.fi\/en\/wp-json\/wp\/v2\/posts\/821","targetHints":{"allow":["GET"]}}],"collection":[{"href":"https:\/\/korsu.fi\/en\/wp-json\/wp\/v2\/posts"}],"about":[{"href":"https:\/\/korsu.fi\/en\/wp-json\/wp\/v2\/types\/post"}],"author":[{"embeddable":true,"href":"https:\/\/korsu.fi\/en\/wp-json\/wp\/v2\/users\/1"}],"replies":[{"embeddable":true,"href":"https:\/\/korsu.fi\/en\/wp-json\/wp\/v2\/comments?post=821"}],"version-history":[{"count":4,"href":"https:\/\/korsu.fi\/en\/wp-json\/wp\/v2\/posts\/821\/revisions"}],"predecessor-version":[{"id":841,"href":"https:\/\/korsu.fi\/en\/wp-json\/wp\/v2\/posts\/821\/revisions\/841"}],"wp:featuredmedia":[{"embeddable":true,"href":"https:\/\/korsu.fi\/en\/wp-json\/wp\/v2\/media\/829"}],"wp:attachment":[{"href":"https:\/\/korsu.fi\/en\/wp-json\/wp\/v2\/media?parent=821"}],"wp:term":[{"taxonomy":"category","embeddable":true,"href":"https:\/\/korsu.fi\/en\/wp-json\/wp\/v2\/categories?post=821"},{"taxonomy":"post_tag","embeddable":true,"href":"https:\/\/korsu.fi\/en\/wp-json\/wp\/v2\/tags?post=821"}],"curies":[{"name":"wp","href":"https:\/\/api.w.org\/{rel}","templated":true}]}}